{"id":3551,"date":"2023-04-17T12:49:50","date_gmt":"2023-04-17T19:49:50","guid":{"rendered":"https:\/\/thomashuebl.com\/?p=3551"},"modified":"2024-02-09T03:48:11","modified_gmt":"2024-02-09T11:48:11","slug":"los-traumas-personales-colectivos-y-ancestrales-en-las-comunidades","status":"publish","type":"post","link":"https:\/\/thomashuebl.com\/es\/los-traumas-personales-colectivos-y-ancestrales-en-las-comunidades\/","title":{"rendered":"C\u00f3mo los traumas personales, colectivos y ancestrales repercuten en las comunidades"},"content":{"rendered":"<h3>Pr\u00f3logo de Alernatives<\/h3>\n<p>&#8220;Nuestro gran amigo <strong>Matthew Green<\/strong> est\u00e1 en un viaje de escritor que nos parece fascinante. Tiene una s\u00f3lida reputaci\u00f3n como periodista serio sobre el clima, para <strong>Reuters<\/strong>, el <strong>FT<\/strong> y <strong>DeSmog<\/strong>. Al mismo tiempo, Matthew est\u00e1 llevando a cabo una investigaci\u00f3n interna sobre c\u00f3mo el trauma -personal, colectivo, intergeneracional- afecta a nuestra forma de ver y actuar en el mundo.<\/p>\n<figure id=\"attachment_9853\" aria-describedby=\"caption-attachment-9853\" style=\"width: 150px\" class=\"wp-caption alignleft\"><img decoding=\"async\" class=\"wp-image-9853 size-thumbnail\" src=\"https:\/\/thunifieddev.wpengine.com\/wp-content\/uploads\/2023\/04\/1-matthew-green_400x400-150x150.jpg\" alt=\"Matthew Green\" width=\"150\" height=\"150\" \/><figcaption id=\"caption-attachment-9853\" class=\"wp-caption-text\">Matthew Green<\/figcaption><\/figure>\n<p>A continuaci\u00f3n se presenta un ejemplo de los dos aspectos de esa investigaci\u00f3n, informando sobre su encuentro con una figura transformadora, <strong>la Dra. Vivanna Rodriquez Carre\u00f3n,<\/strong> que combina una carrera acad\u00e9mica en estudios sobre la paz, con el deseo de abrir su comprensi\u00f3n a los traumas del pasado de los pueblos ind\u00edgenas de Per\u00fa.<\/p>\n<p>El propio estilo exploratorio de Matthew nos sugiri\u00f3 que esto deb\u00eda funcionar como una pieza de <a href=\"https:\/\/www.thealternative.org.uk\/dailyalternative\/category\/ALTER+NATIVES\" target=\"_blank\" rel=\"noopener\"><strong>AlterNativas<\/strong><\/a>, un espacio ingl\u00e9s para el testimonio personal sobre c\u00f3mo se exploran y se viven las opciones alternativas.&#8221;<\/p>\n<h2>Matthew Green: Escuchar la pausa en Per\u00fa<\/h2>\n<p>El trabajo de curaci\u00f3n del trauma colectivo no es lineal. No sigue un gui\u00f3n preestablecido.<\/p>\n<p>Se trata de fragmentos de emoci\u00f3n, memoria y experiencia que han sido escindidos y empujados a lo m\u00e1s profundo del inconsciente, y que reclaman atenci\u00f3n a trav\u00e9s de sensaciones f\u00edsicas, sincronicidades y el lenguaje simb\u00f3lico de los sue\u00f1os.<\/p>\n<p>Al embarcarnos en la b\u00fasqueda de la integraci\u00f3n de estas energ\u00edas hu\u00e9rfanas, abandonamos el dominio de la l\u00f3gica y nos adentramos en el territorio liminal del sentimiento, la sensaci\u00f3n sutil y los impulsos apenas perceptibles del alma.<\/p>\n<p>Tarde o temprano, esa transici\u00f3n plantear\u00e1 inevitablemente una pregunta: \u00bfC\u00f3mo podemos aprender a hacer una pausa y dar voz a formas de conocimiento que las palabras no pueden transmitir?<\/p>\n<h2>CONSTRUIR UN PUENTE<\/h2>\n<figure id=\"attachment_9844\" aria-describedby=\"caption-attachment-9844\" style=\"width: 222px\" class=\"wp-caption alignleft\"><a href=\"https:\/\/www.sydney.edu.au\/arts\/about\/our-people\/academic-staff\/vivianna-rodriguezcarreon.html\" target=\"_blank\" rel=\"noopener\"><img fetchpriority=\"high\" decoding=\"async\" class=\"wp-image-9844 size-medium\" src=\"https:\/\/thunifieddev.wpengine.com\/wp-content\/uploads\/2023\/04\/1-viviana-R-222x300.jpg\" alt=\"Dra. Vivanna Rodriquez Carre\u00f3n\" width=\"222\" height=\"300\" \/><\/a><figcaption id=\"caption-attachment-9844\" class=\"wp-caption-text\">Dra. Vivanna Rodriquez Carre\u00f3n<\/figcaption><\/figure>\n<p>La <strong><a href=\"https:\/\/www.sydney.edu.au\/arts\/about\/our-people\/academic-staff\/vivianna-rodriguezcarreon.html\" target=\"_blank\" rel=\"noopener\">Dra. Vivanna Rodriquez Carre\u00f3n<\/a><\/strong>, profesora de estudios sobre la paz en la <strong>Universidad de Sydney<\/strong>, se plantea esta pregunta desde que escribi\u00f3 su tesis doctoral sobre las experiencias post-conflicto de las mujeres de <strong>Ayacucho<\/strong>, una franja monta\u00f1osa del centro-sur de Per\u00fa. <strong>M\u00e1s del 40% de los 69.000 habitantes de la regi\u00f3n murieron o desaparecieron durante el conflicto armado que asol\u00f3 Per\u00fa entre 1980 y 2000.<\/strong><\/p>\n<p>Vivianna y yo nos conocimos el a\u00f1o pasado en <strong>Alemania<\/strong> como estudiantes del <a href=\"https:\/\/timelesswisdomtraining.com\/es\" target=\"_blank\" rel=\"noopener\"><strong>Timeless Wisdom Training<\/strong><\/a> (Formaci\u00f3n en sabidur\u00eda atemporal) de <strong>Thomas H\u00fcbl<\/strong>, una inmersi\u00f3n de dos a\u00f1os para aprender a trabajar con el trauma individual, ancestral y colectivo. Durante los retiros presenciales y en l\u00ednea (incluido el retiro en silencio de siete d\u00edas que tuvo lugar a principios de este mes), cada participante se enfrentar\u00e1, a su manera, al reto de explorar formas de conocimiento que trasciendan los patrones habituales de percepci\u00f3n.<\/p>\n<figure id=\"attachment_9494\" aria-describedby=\"caption-attachment-9494\" style=\"width: 300px\" class=\"wp-caption alignright\"><a href=\"https:\/\/timelesswisdomtraining.com\/es\" target=\"_blank\" rel=\"noopener\"><img decoding=\"async\" class=\"wp-image-9494 size-medium\" src=\"https:\/\/thunifieddev.wpengine.com\/wp-content\/uploads\/2023\/01\/1-Hall-light-FaBo-300x157.jpg\" alt=\"Hall Light FaBo\" width=\"300\" height=\"157\" \/><\/a><figcaption id=\"caption-attachment-9494\" class=\"wp-caption-text\">Timeless Wisdom Training (Formaci\u00f3n en sabidur\u00eda atemporal)<\/figcaption><\/figure>\n<p>Nunca he estado en Per\u00fa -ni en Australia- y nunca he estudiado estudios sobre la paz. Pero quer\u00eda escribir sobre Vivianna porque est\u00e1 haciendo algo que me parece esencial en estos momentos: Trabajar duro para tender un puente entre una instituci\u00f3n convencional (en su caso, el mundo acad\u00e9mico) y un trabajo de vanguardia para explorar c\u00f3mo la transformaci\u00f3n interior puede impulsar el cambio en el mundo exterior.<\/p>\n<p>Adem\u00e1s de su trabajo con <strong>Thomas H\u00fcbl<\/strong>, Vivanna ha pasado los \u00faltimos tres a\u00f1os co-dise\u00f1ando el centro espa\u00f1ol de <strong>Theory U<\/strong> (Teor\u00eda U), un enfoque basado en la concienciaci\u00f3n para el cambio de sistemas promovido por <strong>Otto Scharmer<\/strong>, profesor del <strong>Instituto Tecnol\u00f3gico de Massachusetts<\/strong> y fundador del <strong>Presencing Institute<\/strong>.<\/p>\n<p>Adem\u00e1s de todo esto, Vivianna es asesora de <em>Inner Development Goals<\/em>, una organizaci\u00f3n sin \u00e1nimo de lucro que desarrolla las capacidades internas necesarias para alcanzar los 17 Objetivos de Desarrollo Sostenible de las Naciones Unidas; de nuevo, tendiendo un puente entre el cambio interior y exterior.<\/p>\n<p>Como la escritura en este blog siempre pretende tejer nuevas conexiones fruct\u00edferas, espero que alguien que lea esto pueda apoyar la visi\u00f3n de Vivianna de poner el trabajo colectivo de integraci\u00f3n del trauma a disposici\u00f3n de las comunidades de Ayacucho, quiz\u00e1s a trav\u00e9s de <a href=\"https:\/\/pocketproject.org\/\" target=\"_blank\" rel=\"noopener\"><strong>Pocket Project<\/strong><\/a> (el Proyecto Pocket), la organizaci\u00f3n sin \u00e1nimo de lucro que<strong> Thomas H\u00fcbl<\/strong> fund\u00f3 con su esposa <strong>Yehudit Sasportas<\/strong>.<\/p>\n<p>&#8220;Lo que quiero hacer es crear un puente, ayudar a que la curaci\u00f3n colectiva se convierta en la corriente principal, para que los peruanos no repitamos lo mismo cada generaci\u00f3n: el destino del trauma&#8221;, me dijo Vivianna. &#8220;\u00bfC\u00f3mo aceleramos el proceso? Hemos evolucionado mucho en nuestra comprensi\u00f3n intelectual. Pero nuestra evoluci\u00f3n interior se ha atascado de alguna manera. \u00bfC\u00f3mo conecto con las comunidades que est\u00e1n haciendo este trabajo?&#8221;.<\/p>\n<p>Pero esa no es la \u00fanica raz\u00f3n por la que la historia de Vivianna me intrig\u00f3.<\/p>\n<p>Para ser totalmente transparente, la zona liminal irrumpi\u00f3 en nuestra conversaci\u00f3n de forma tan v\u00edvida e inesperada que parec\u00eda que la propia Vida estaba subrayando doblemente el memor\u00e1ndum sobre la importancia de abrazar otras formas de conocimiento.<\/p>\n<p>Esta subtrama involucraba al abuelo de Vivianna, el mayor <strong>Jos\u00e9 Carre\u00f3n Ort\u00edz<\/strong>, que era piloto de helic\u00f3pteros en el ej\u00e9rcito peruano; la leyenda de la ciudad inca perdida de Paititi (conocida por los conquistadores espa\u00f1oles como El Dorado); y un avistamiento fugaz de un par de Paco-Pacuris &#8211; habitantes de ese inframundo perdido. M\u00e1s informaci\u00f3n a su debido tiempo.<\/p>\n<p>Primero: La evoluci\u00f3n de Vivianna de acad\u00e9mica tradicional a viajera del espacio interior.<\/p>\n<h2>UN MOMENTO EN LAS MONTA\u00d1AS<\/h2>\n<p>El enfoque iconoclasta de Vivianna no surgi\u00f3 de la noche a la ma\u00f1ana.<\/p>\n<p>Emprendi\u00f3 su investigaci\u00f3n doctoral hace 15 a\u00f1os y empez\u00f3 centr\u00e1ndose en las repercusiones m\u00e1s tangibles, visibles y mensurables de los conflictos, como dictaba su formaci\u00f3n. Sin embargo, siempre le intrig\u00f3 el papel que desempe\u00f1a la conciencia en la creaci\u00f3n de condiciones que tienden a la guerra o a la paz.<\/p>\n<figure id=\"attachment_9847\" aria-describedby=\"caption-attachment-9847\" style=\"width: 300px\" class=\"wp-caption alignright\"><img loading=\"lazy\" decoding=\"async\" class=\"size-medium wp-image-9847\" src=\"https:\/\/thunifieddev.wpengine.com\/wp-content\/uploads\/2023\/04\/1-Bild-3-300x174.jpg\" alt=\"Blog Green Peru landscape\" width=\"300\" height=\"174\" \/><figcaption id=\"caption-attachment-9847\" class=\"wp-caption-text\">Vivianna investigando en Ayacucho<\/figcaption><\/figure>\n<p>Vivianna creci\u00f3 en <strong>Quillabamba<\/strong>, un valle situado en una zona boscosa de la regi\u00f3n andina, a unos 40 kil\u00f3metros de <strong>Machu Picchu<\/strong>, por lo que estaba familiarizada con la vida rural. Pero cuando pas\u00f3 su primera noche en un pueblo de <strong>Ayacucho<\/strong> como investigadora, experiment\u00f3 una sensaci\u00f3n visceral de miedo. Imagin\u00f3 lo que deb\u00eda de ser cuando los guerrilleros de <strong>Sendero Luminoso<\/strong>, o los paramilitares apoyados por el gobierno, llamaban a la puerta.<\/p>\n<blockquote><p>Lo que estaba experimentando no sintonizaba realmente con la literatura, que como acad\u00e9mica ten\u00eda que utilizar para apoyar mi investigaci\u00f3n&#8221;, me dijo Vivianna. &#8220;Entonces me di cuenta de que me interesaba c\u00f3mo el conflicto perturbaba el estado interior colectivo de una comunidad. Quer\u00eda entender la din\u00e1mica interna de la guerra y la paz, no s\u00f3lo sus manifestaciones externas.<\/p><\/blockquote>\n<p>Vivianna aprendi\u00f3 a empatizar profundamente con las experiencias de las mujeres rurales, cuyas luchas en busca de justicia para sus familiares desaparecidos relata en su tesis. Las mujeres se enfrentaban a enormes obst\u00e1culos a la hora de relacionarse con el Estado peruano: La mayor\u00eda carec\u00eda de identificaci\u00f3n oficial; no hablaban espa\u00f1ol, sino las lenguas ind\u00edgenas quecha y aymara; y sufr\u00edan pobreza estructural, racismo y discriminaci\u00f3n.<\/p>\n<p>A pesar de estos retos, Vivianna no encontr\u00f3 que las mujeres se sintieran impotentes o ciudadanas de segunda clase, y se dedic\u00f3 a comprender su experiencia interna de agencia.<\/p>\n<p>El mayor avance en su comprensi\u00f3n, sin embargo, no lleg\u00f3 a trav\u00e9s de las entrevistas. Ni siquiera examinando los archivos de Lima, que contienen m\u00e1s de <strong>17.000 testimonios<\/strong> recogidos por la <strong>Comisi\u00f3n de la Verdad y Reconciliaci\u00f3n de Per\u00fa<\/strong>.<\/p>\n<p>Vivianna hab\u00eda le\u00eddo sobre la importancia de la introspecci\u00f3n y la autoindagaci\u00f3n en obras del fil\u00f3sofo m\u00edstico<strong> Jiddu Krishnamurti<\/strong> y del f\u00edsico <strong>David Bohm<\/strong>.<\/p>\n<figure id=\"attachment_9850\" aria-describedby=\"caption-attachment-9850\" style=\"width: 300px\" class=\"wp-caption alignleft\"><img loading=\"lazy\" decoding=\"async\" class=\"size-medium wp-image-9850\" src=\"https:\/\/thunifieddev.wpengine.com\/wp-content\/uploads\/2023\/04\/1-bild-4-R-300x225.jpg\" alt=\"Blog Green Peru\" width=\"300\" height=\"225\" \/><figcaption id=\"caption-attachment-9850\" class=\"wp-caption-text\">Paisaje en Ayacucho. Cr\u00e9dito: Dra. Vivianna Rodriguez Carre\u00f3n<\/figcaption><\/figure>\n<p>Pero la esencia de la experiencia que describ\u00edan se le hab\u00eda escapado. Hasta que se dio cuenta de ello cuando acompa\u00f1aba a unos campesinos que apacentaban a sus animales en una ladera.<\/p>\n<blockquote><p><em>&#8220;En palabras de <strong>Jiddu Krishnamurti<\/strong>, me estaba liberando de lo que conoc\u00eda mir\u00e1ndolo sin la fragmentaci\u00f3n que mi mente hab\u00eda creado. Me di cuenta de que era el espacio interior donde estaban las respuestas para mi trabajo&#8221;, escribe Vivianna en un pr\u00f3ximo art\u00edculo sobre la liminalidad. &#8220;Sent\u00eda una sensaci\u00f3n de totalidad, pero nadie pod\u00eda verla. Tuve un momento &#8216;aj\u00e1&#8217;. As\u00ed es como los campesinos construyen resiliencia.&#8221;<\/em><\/p><\/blockquote>\n<p>Ese momento de conciencia expandida estaba lleno de conocimientos de una calidad muy diferente a la comprensi\u00f3n cognitiva. Este estado alterado era a la vez tan amplio y tan nutritivo que Vivianna lo reconoci\u00f3 al instante como un recurso espiritual que sustentaba a las mujeres a las que hab\u00eda dedicado tantas horas de entrevista.<\/p>\n<p>M\u00e1s tarde, la experiencia le ayudar\u00eda a replantearse el significado de una palabra quechua de su ciudad natal, Cusco: I\u00f1iy. La palabra es dif\u00edcil de traducir directamente al espa\u00f1ol, pero Vivianna eligi\u00f3 una analog\u00eda de la cultura pop para transmitir su significado: La sensaci\u00f3n de conocimiento que permit\u00eda comunicarse con el pulpo en la pel\u00edcula Mi maestro pulpo.<\/p>\n<p>Del mismo modo, I\u00f1iy podr\u00eda referirse a la sensaci\u00f3n que experimentamos cuando aprovechamos el conocimiento que ya posee una versi\u00f3n m\u00e1s evolucionada de nosotros mismos.<\/p>\n<p>&#8220;Uno de nuestros mayores traumas es que no creemos en nada que no podamos ver con nuestros ojos. Si no puedo medir algo, no puedo demostrarlo&#8221;, me dijo Vivianna. &#8220;Pero si s\u00f3lo nos guiamos por la evidencia de nuestros ojos, s\u00f3lo vemos una verdad parcial. Nos hemos desconectado mucho de las fuerzas invisibles que dan forma a nuestra realidad. As\u00ed que la pregunta que me interesa es: &#8216;\u00bfC\u00f3mo devolvemos esta conciencia a la corriente dominante?&#8221;.<\/p>\n<h2>COSMOVISI\u00d3N IND\u00cdGENA<\/h2>\n<p>Desde su momento de conciencia ampliada en las monta\u00f1as, Vivianna ha estado buscando oportunidades para tender un puente entre su trabajo acad\u00e9mico y la llamada m\u00e1s profunda que sinti\u00f3 hacia la sanaci\u00f3n, tanto para s\u00ed misma como para las comunidades que a\u00fan sufren el legado del conflicto de Per\u00fa.<\/p>\n<figure id=\"attachment_9841\" aria-describedby=\"caption-attachment-9841\" style=\"width: 300px\" class=\"wp-caption alignleft\"><img loading=\"lazy\" decoding=\"async\" class=\"size-medium wp-image-9841\" src=\"https:\/\/thunifieddev.wpengine.com\/wp-content\/uploads\/2023\/04\/1-Bild-1-R-300x215.jpg\" alt=\"Blog ES Gren Peru Header\" width=\"300\" height=\"215\" \/><figcaption id=\"caption-attachment-9841\" class=\"wp-caption-text\">Mujeres en Ayacucho. Cr\u00e9dito: Dra. Vivianna Rodriquez Carre\u00f3n<\/figcaption><\/figure>\n<p>&#8220;\u00bfQu\u00e9 es la curaci\u00f3n? \u00bfQu\u00e9 significa? \u00bfC\u00f3mo integramos el trauma colectivo vivido por sociedades enteras? Siempre estaba en mi cabeza, siempre escribiendo. Pero este tipo de preguntas me obligaban a entrar en mi coraz\u00f3n&#8221;, explica Vivianna.<\/p>\n<p>Hace unos a\u00f1os, Vivianna conoci\u00f3 el trabajo sobre el trauma colectivo de <strong>Thomas H\u00fcbl<\/strong> y el <strong>Presencing Institute<\/strong> de <strong>Otto Scharmer<\/strong>.<\/p>\n<p>&#8220;Entr\u00e9 a formar parte de diferentes comunidades que realmente me permitieron explorar mi propio ser, mi propia pr\u00e1ctica. Empec\u00e9 a reevaluarlo todo&#8221;.<\/p>\n<p>Los cambios se filtraron en su forma de ense\u00f1ar.<\/p>\n<p>A partir de 2019-2020, Vivianna tuvo la oportunidad de redise\u00f1ar la unidad de posgrado de un curso llamado <strong>Peace of Mind<\/strong>: La psicolog\u00eda de la paz, una unidad troncal del m\u00e1ster en estudios sobre la paz y los conflictos de la <strong>Universidad de S\u00eddney<\/strong>.<\/p>\n<p>Fue una oportunidad de aprovechar su momento de realizaci\u00f3n en las monta\u00f1as de Per\u00fa para explorar formas de ense\u00f1anza que no se basaran \u00fanicamente en el conocimiento cognitivo e intelectual, sino que reconocieran el valor de la experiencia vivencial y corporal.<\/p>\n<figure id=\"attachment_9856\" aria-describedby=\"caption-attachment-9856\" style=\"width: 150px\" class=\"wp-caption alignright\"><img loading=\"lazy\" decoding=\"async\" class=\"size-thumbnail wp-image-9856\" src=\"https:\/\/thunifieddev.wpengine.com\/wp-content\/uploads\/2023\/04\/theory-u-espanol-us-150x150.jpg\" alt=\"la Teor\u00eda U spanish\" width=\"150\" height=\"150\" \/><figcaption id=\"caption-attachment-9856\" class=\"wp-caption-text\">La Teor\u00eda U<\/figcaption><\/figure>\n<p>Una habilidad que aprovech\u00f3: Escuchar la pausa. <strong>Otto Scharmer<\/strong> considera que escuchar es nuestra habilidad m\u00e1s infravalorada.<\/p>\n<p>En un art\u00edculo publicado en <strong><em>el Journal of Awareness-Based Systems Change<\/em><\/strong> (Revista del cambio de sistemas basado en la concienciaci\u00f3n) en el que se describe el experimento, Vivianna explica que en <strong>la Teor\u00eda U<\/strong> existen cuatro niveles de escucha:<\/p>\n<ul>\n<li><strong>Descargando<\/strong>: Reconfirmando lo que sabemos.<\/li>\n<li><strong>Hechos<\/strong>: Lo que es diferente de lo que sabemos.<\/li>\n<li><strong>Emp\u00e1tico<\/strong>: Nos permite conectar con la experiencia del otro.<\/li>\n<li><strong>Generativa<\/strong>: Nos conecta con lo que somos y con lo que queremos ser.<\/li>\n<\/ul>\n<p>Incorporar esta sencilla pr\u00e1ctica relacional de hacer una pausa de un minuto despu\u00e9s de que alguien haya hablado transform\u00f3 la din\u00e1mica del aula. Los alumnos empezaron a darse cuenta del nivel al que hab\u00edan estado escuchando, y a acceder a nuevas percepciones que nunca habr\u00edan descubierto si hubieran seguido sus respuestas habituales.<\/p>\n<p>Vivianna tambi\u00e9n quer\u00eda utilizar el curso para explorar las formas no lineales de conocimiento codificadas en las culturas ind\u00edgenas, donde el arte, el tejido, la poes\u00eda, la m\u00fasica y muchas otras formas de expresi\u00f3n transmiten significados que no pueden expresarse f\u00e1cilmente en la escritura impresa.<\/p>\n<p>En un giro moderno, una estudiante dise\u00f1\u00f3 un elaborado experimento para grabar sus emociones a lo largo del d\u00eda, asignarles partituras numeradas y notas musicales, y capturar la composici\u00f3n multidimensional resultante en sonido y v\u00eddeo.<\/p>\n<p>Para Vivianna, el objetivo de toda esta experimentaci\u00f3n era nada menos que empezar a curar una escisi\u00f3n de la conciencia que se remonta al menos a la \u00e9poca de Descartes, cuyo privilegio de la raz\u00f3n sobre la experiencia vivida dio lugar a una visi\u00f3n del mundo claramente sesgada: &#8220;Al razonamiento y a lo concreto se les atribu\u00eda un valor superior en la construcci\u00f3n del conocimiento&#8221;, escribi\u00f3 Vivianna. &#8220;Al mismo tiempo, las respuestas afectivas, emocionales y abstractas se conceptualizaban jer\u00e1rquicamente y se encarnaban como d\u00e9biles&#8221;.<\/p>\n<p>Vivianna argumenta que si enfocamos el aula como un laboratorio para experimentar nuestra propia transformaci\u00f3n, podemos encontrar formas de integrar este sentimiento de separaci\u00f3n y volver a ser uno con uno mismo, con los dem\u00e1s y con la Tierra.<\/p>\n<h2>LOS GUARDIANES<\/h2>\n<p>Por supuesto, la historia de Vivianna no estar\u00eda completa sin volver a su abuelo, el mayor <strong>Jos\u00e9 Carre\u00f3n Ort\u00edz<\/strong>, que muri\u00f3 cuando ella ten\u00eda cuatro a\u00f1os.<\/p>\n<p><strong>Jos\u00e9 Carre\u00f3n<\/strong> irrumpi\u00f3 de improvisto en nuestra conversaci\u00f3n. Vivianna y yo est\u00e1bamos hablando de nuestras experiencias en la <strong><a href=\"https:\/\/timelesswisdomtraining.com\/es\" target=\"_blank\" rel=\"noopener\">Formaci\u00f3n en Sabidur\u00eda Eterna<\/a><\/strong> (Timeless Wisdom Training con <strong>Thomas H\u00fcbl<\/strong>), y ella mencion\u00f3 c\u00f3mo hab\u00eda sentido una renovada sensaci\u00f3n de conexi\u00f3n con su abuelo desde que empez\u00f3 el curso.<\/p>\n<p>Al trabajar con traumas intergeneracionales, siempre vale la pena recordar que nuestros antepasados no s\u00f3lo nos transmitieron sus heridas no resueltas. Tambi\u00e9n heredamos recursos de resiliencia, creatividad y conexi\u00f3n espiritual. Esto parec\u00eda ser lo que estaba cobrando vida para Vivianna.<\/p>\n<p>De ni\u00f1a, Vivianna recuerda que Jos\u00e9 Carre\u00f3n la visit\u00f3 en una visi\u00f3n y le transmiti\u00f3 un mensaje, y desde entonces se sinti\u00f3 muy unida a \u00e9l.<\/p>\n<p>Mientras crec\u00eda, su madre le hab\u00eda contado las haza\u00f1as de Jos\u00e9 Carre\u00f3n en expediciones en busca de la legendaria ciudad inca de Paititi.<\/p>\n<p>Fue en una de sus incursiones para explorar las ruinas de Vilcabamba, en las llanuras boscosas de la provincia de La Convenci\u00f3n, al noroeste de Machu Picchu, cuando Jos\u00e9 Carre\u00f3n se encontr\u00f3 con una pareja de Paco-Pacuris, los guardianes de una civilizaci\u00f3n inca subterr\u00e1nea.<\/p>\n<p>El siguiente relato de<strong> Jos\u00e9 Carre\u00f3n<\/strong> fue citado en el libro <em>Paititi: En la bruma de la historia<\/em>, de <strong>Carlos Neuenschwander Landa<\/strong>, el mayor explorador del Per\u00fa:<\/p>\n<p><em>&#8220;Al amanecer, mirando a trav\u00e9s de la puerta de la caba\u00f1a, en la luz difusa con que comenzaba el d\u00eda, observ\u00e9, con incredulidad, una gigantesca silueta de mujer. Al principio, pens\u00e9 que era efecto de mi estado a\u00fan somnoliento y, por eso, me levant\u00e9 y camin\u00e9 hasta la puerta, comprobando que no se trataba de una ilusi\u00f3n.<\/em><\/p>\n<p><em>Sal\u00ed de la caba\u00f1a y me acerqu\u00e9 a la mujer, que, desde su metro ochenta de estatura, me miraba a trav\u00e9s de sus grandes ojos rasgados. Ten\u00eda la nariz aguile\u00f1a y rasgos finos. Estaba envuelta en una larga t\u00fanica marr\u00f3n claro. Me qued\u00e9 mir\u00e1ndola un momento sin acertar a decir nada, cuando, saliendo de un arbusto cercano, apareci\u00f3 la figura de un hombre, a\u00fan m\u00e1s alto, que al parecer la llam\u00f3 en un idioma que no era el quecha. Ambos se encontraron e inmediatamente desaparecieron entre los arbustos.<\/em><\/p>\n<p><em>S\u00f3lo entonces sali\u00f3 el due\u00f1o de una de las otras caba\u00f1as, explic\u00e1ndome que los extra\u00f1os visitantes eran Paco-Pacuris y que, de vez en cuando, ven\u00edan a su choza a pedirle sal. &#8220;Son muy fieros y hay que complacerlos&#8221;, se\u00f1al\u00f3. Le aseguraron -a\u00f1adi\u00f3- que son los cuidadores de las ruinas de Vilcabamba&#8221;.<\/em><\/p>\n<p>\u00bfQu\u00e9 pensar del cuento?<\/p>\n<p><strong>Tal vez sea un recordatorio para escuchar la pausa.<\/strong><\/p>\n<p><a href=\"https:\/\/www.thealternative.org.uk\/dailyalternative\/2023\/4\/2\/matthew-green-alter-native-trauma-peru\" target=\"_blank\" rel=\"noopener\"><strong>El art\u00edculo en el original en ingl\u00e9s &gt;&gt;<\/strong><\/a><\/p>\n<p><strong>Autor<\/strong>: Matthew Green<br \/>\n<strong>Traducci\u00f3n<\/strong>: Alex Escuderos<\/p>\n","protected":false},"excerpt":{"rendered":"<p>Pr\u00f3logo de Alernatives &#8220;Nuestro gran amigo Matthew Green est\u00e1 en un viaje de escritor que nos parece fascinante. Tiene una s\u00f3lida reputaci\u00f3n como periodista serio sobre el clima, para Reuters, el FT y DeSmog. Al mismo tiempo, Matthew est\u00e1 llevando a cabo una investigaci\u00f3n interna sobre c\u00f3mo el trauma -personal, colectivo, intergeneracional- afecta a nuestra [&hellip;]<\/p>\n","protected":false},"author":4,"featured_media":3552,"comment_status":"closed","ping_status":"closed","sticky":false,"template":"","format":"standard","meta":{"_acf_changed":false,"site-sidebar-layout":"default","site-content-layout":"","ast-site-content-layout":"default","site-content-style":"default","site-sidebar-style":"default","ast-global-header-display":"","ast-banner-title-visibility":"","ast-main-header-display":"","ast-hfb-above-header-display":"","ast-hfb-below-header-display":"","ast-hfb-mobile-header-display":"","site-post-title":"","ast-breadcrumbs-content":"","ast-featured-img":"","footer-sml-layout":"","ast-disable-related-posts":"","theme-transparent-header-meta":"default","adv-header-id-meta":"","stick-header-meta":"","header-above-stick-meta":"","header-main-stick-meta":"","header-below-stick-meta":"","astra-migrate-meta-layouts":"set","ast-page-background-enabled":"default","ast-page-background-meta":{"desktop":{"background-color":"","background-image":"","background-repeat":"repeat","background-position":"center center","background-size":"auto","background-attachment":"scroll","background-type":"","background-media":"","overlay-type":"","overlay-color":"","overlay-opacity":"","overlay-gradient":""},"tablet":{"background-color":"","background-image":"","background-repeat":"repeat","background-position":"center center","background-size":"auto","background-attachment":"scroll","background-type":"","background-media":"","overlay-type":"","overlay-color":"","overlay-opacity":"","overlay-gradient":""},"mobile":{"background-color":"","background-image":"","background-repeat":"repeat","background-position":"center center","background-size":"auto","background-attachment":"scroll","background-type":"","background-media":"","overlay-type":"","overlay-color":"","overlay-opacity":"","overlay-gradient":""}},"ast-content-background-meta":{"desktop":{"background-color":"var(--ast-global-color-5)","background-image":"","background-repeat":"repeat","background-position":"center center","background-size":"auto","background-attachment":"scroll","background-type":"","background-media":"","overlay-type":"","overlay-color":"","overlay-opacity":"","overlay-gradient":""},"tablet":{"background-color":"var(--ast-global-color-5)","background-image":"","background-repeat":"repeat","background-position":"center center","background-size":"auto","background-attachment":"scroll","background-type":"","background-media":"","overlay-type":"","overlay-color":"","overlay-opacity":"","overlay-gradient":""},"mobile":{"background-color":"var(--ast-global-color-5)","background-image":"","background-repeat":"repeat","background-position":"center center","background-size":"auto","background-attachment":"scroll","background-type":"","background-media":"","overlay-type":"","overlay-color":"","overlay-opacity":"","overlay-gradient":""}},"footnotes":""},"categories":[202],"tags":[],"class_list":["post-3551","post","type-post","status-publish","format-standard","has-post-thumbnail","hentry","category-trauma-colectivo"],"acf":[],"yoast_head":"<!-- This site is optimized with the Yoast SEO plugin v27.4 - https:\/\/yoast.com\/product\/yoast-seo-wordpress\/ -->\n<title>C\u00f3mo los traumas personales, colectivos y ancestrales repercuten en las comunidades - Thomas Huebl<\/title>\n<meta name=\"description\" content=\"Matthew Green presenta el trabajo de Vivanna Rodriquez Carre\u00f3n en Per\u00fa y explica c\u00f3mo el trauma personal, colectivo y ancestral afecta a las comunidades.\" \/>\n<meta name=\"robots\" content=\"index, follow, max-snippet:-1, max-image-preview:large, max-video-preview:-1\" \/>\n<link rel=\"canonical\" href=\"https:\/\/thomashuebl.com\/es\/los-traumas-personales-colectivos-y-ancestrales-en-las-comunidades\/\" \/>\n<meta property=\"og:locale\" content=\"es_ES\" \/>\n<meta property=\"og:type\" content=\"article\" \/>\n<meta property=\"og:title\" content=\"C\u00f3mo los traumas personales, colectivos y ancestrales repercuten en las comunidades - Thomas Huebl\" \/>\n<meta property=\"og:description\" content=\"Matthew Green presenta el trabajo de Vivanna Rodriquez Carre\u00f3n en Per\u00fa y explica c\u00f3mo el trauma personal, colectivo y ancestral afecta a las comunidades.\" \/>\n<meta property=\"og:url\" content=\"https:\/\/thomashuebl.com\/es\/los-traumas-personales-colectivos-y-ancestrales-en-las-comunidades\/\" \/>\n<meta property=\"og:site_name\" content=\"Thomas Huebl\" \/>\n<meta property=\"article:publisher\" content=\"https:\/\/www.facebook.com\/Thomas.Huebl.Sangha\/\" \/>\n<meta property=\"article:published_time\" content=\"2023-04-17T19:49:50+00:00\" \/>\n<meta property=\"article:modified_time\" content=\"2024-02-09T11:48:11+00:00\" \/>\n<meta property=\"og:image\" content=\"https:\/\/thomashuebl.com\/wp-content\/uploads\/2024\/02\/Como-los-traumas-personales-colectivos-y-ancestrales-repercuten-en-las-comunidades-1.jpg\" \/>\n\t<meta property=\"og:image:width\" content=\"640\" \/>\n\t<meta property=\"og:image:height\" content=\"380\" \/>\n\t<meta property=\"og:image:type\" content=\"image\/jpeg\" \/>\n<meta name=\"author\" content=\"Stacey Marvel\" \/>\n<meta name=\"twitter:card\" content=\"summary_large_image\" \/>\n<meta name=\"twitter:creator\" content=\"@thomasHuebl\" \/>\n<meta name=\"twitter:site\" content=\"@thomasHuebl\" \/>\n<meta name=\"twitter:label1\" content=\"Escrito por\" \/>\n\t<meta name=\"twitter:data1\" content=\"Stacey Marvel\" \/>\n\t<meta name=\"twitter:label2\" content=\"Tiempo de lectura\" \/>\n\t<meta name=\"twitter:data2\" content=\"13 minutos\" \/>\n<script type=\"application\/ld+json\" class=\"yoast-schema-graph\">{\"@context\":\"https:\\\/\\\/schema.org\",\"@graph\":[{\"@type\":\"Article\",\"@id\":\"https:\\\/\\\/thomashuebl.com\\\/es\\\/los-traumas-personales-colectivos-y-ancestrales-en-las-comunidades\\\/#article\",\"isPartOf\":{\"@id\":\"https:\\\/\\\/thomashuebl.com\\\/es\\\/los-traumas-personales-colectivos-y-ancestrales-en-las-comunidades\\\/\"},\"author\":{\"name\":\"Stacey Marvel\",\"@id\":\"https:\\\/\\\/thomashuebl.com\\\/es\\\/#\\\/schema\\\/person\\\/0f4a84bba2f628cfada6d182a072720d\"},\"headline\":\"C\u00f3mo los traumas personales, colectivos y ancestrales repercuten en las comunidades\",\"datePublished\":\"2023-04-17T19:49:50+00:00\",\"dateModified\":\"2024-02-09T11:48:11+00:00\",\"mainEntityOfPage\":{\"@id\":\"https:\\\/\\\/thomashuebl.com\\\/es\\\/los-traumas-personales-colectivos-y-ancestrales-en-las-comunidades\\\/\"},\"wordCount\":2909,\"publisher\":{\"@id\":\"https:\\\/\\\/thomashuebl.com\\\/es\\\/#organization\"},\"image\":{\"@id\":\"https:\\\/\\\/thomashuebl.com\\\/es\\\/los-traumas-personales-colectivos-y-ancestrales-en-las-comunidades\\\/#primaryimage\"},\"thumbnailUrl\":\"https:\\\/\\\/thomashuebl.com\\\/wp-content\\\/uploads\\\/2024\\\/02\\\/Como-los-traumas-personales-colectivos-y-ancestrales-repercuten-en-las-comunidades-1.jpg\",\"articleSection\":[\"Trauma colectivo\"],\"inLanguage\":\"es\"},{\"@type\":\"WebPage\",\"@id\":\"https:\\\/\\\/thomashuebl.com\\\/es\\\/los-traumas-personales-colectivos-y-ancestrales-en-las-comunidades\\\/\",\"url\":\"https:\\\/\\\/thomashuebl.com\\\/es\\\/los-traumas-personales-colectivos-y-ancestrales-en-las-comunidades\\\/\",\"name\":\"C\u00f3mo los traumas personales, colectivos y ancestrales repercuten en las comunidades - Thomas Huebl\",\"isPartOf\":{\"@id\":\"https:\\\/\\\/thomashuebl.com\\\/es\\\/#website\"},\"primaryImageOfPage\":{\"@id\":\"https:\\\/\\\/thomashuebl.com\\\/es\\\/los-traumas-personales-colectivos-y-ancestrales-en-las-comunidades\\\/#primaryimage\"},\"image\":{\"@id\":\"https:\\\/\\\/thomashuebl.com\\\/es\\\/los-traumas-personales-colectivos-y-ancestrales-en-las-comunidades\\\/#primaryimage\"},\"thumbnailUrl\":\"https:\\\/\\\/thomashuebl.com\\\/wp-content\\\/uploads\\\/2024\\\/02\\\/Como-los-traumas-personales-colectivos-y-ancestrales-repercuten-en-las-comunidades-1.jpg\",\"datePublished\":\"2023-04-17T19:49:50+00:00\",\"dateModified\":\"2024-02-09T11:48:11+00:00\",\"description\":\"Matthew Green presenta el trabajo de Vivanna Rodriquez Carre\u00f3n en Per\u00fa y explica c\u00f3mo el trauma personal, colectivo y ancestral afecta a las comunidades.\",\"breadcrumb\":{\"@id\":\"https:\\\/\\\/thomashuebl.com\\\/es\\\/los-traumas-personales-colectivos-y-ancestrales-en-las-comunidades\\\/#breadcrumb\"},\"inLanguage\":\"es\",\"potentialAction\":[{\"@type\":\"ReadAction\",\"target\":[\"https:\\\/\\\/thomashuebl.com\\\/es\\\/los-traumas-personales-colectivos-y-ancestrales-en-las-comunidades\\\/\"]}]},{\"@type\":\"ImageObject\",\"inLanguage\":\"es\",\"@id\":\"https:\\\/\\\/thomashuebl.com\\\/es\\\/los-traumas-personales-colectivos-y-ancestrales-en-las-comunidades\\\/#primaryimage\",\"url\":\"https:\\\/\\\/thomashuebl.com\\\/wp-content\\\/uploads\\\/2024\\\/02\\\/Como-los-traumas-personales-colectivos-y-ancestrales-repercuten-en-las-comunidades-1.jpg\",\"contentUrl\":\"https:\\\/\\\/thomashuebl.com\\\/wp-content\\\/uploads\\\/2024\\\/02\\\/Como-los-traumas-personales-colectivos-y-ancestrales-repercuten-en-las-comunidades-1.jpg\",\"width\":640,\"height\":380},{\"@type\":\"BreadcrumbList\",\"@id\":\"https:\\\/\\\/thomashuebl.com\\\/es\\\/los-traumas-personales-colectivos-y-ancestrales-en-las-comunidades\\\/#breadcrumb\",\"itemListElement\":[{\"@type\":\"ListItem\",\"position\":1,\"name\":\"Home\",\"item\":\"https:\\\/\\\/thomashuebl.com\\\/es\\\/\"},{\"@type\":\"ListItem\",\"position\":2,\"name\":\"C\u00f3mo los traumas personales, colectivos y ancestrales repercuten en las comunidades\"}]},{\"@type\":\"WebSite\",\"@id\":\"https:\\\/\\\/thomashuebl.com\\\/es\\\/#website\",\"url\":\"https:\\\/\\\/thomashuebl.com\\\/es\\\/\",\"name\":\"Thomas Huebl\",\"description\":\"\",\"publisher\":{\"@id\":\"https:\\\/\\\/thomashuebl.com\\\/es\\\/#organization\"},\"potentialAction\":[{\"@type\":\"SearchAction\",\"target\":{\"@type\":\"EntryPoint\",\"urlTemplate\":\"https:\\\/\\\/thomashuebl.com\\\/es\\\/?s={search_term_string}\"},\"query-input\":{\"@type\":\"PropertyValueSpecification\",\"valueRequired\":true,\"valueName\":\"search_term_string\"}}],\"inLanguage\":\"es\"},{\"@type\":\"Organization\",\"@id\":\"https:\\\/\\\/thomashuebl.com\\\/es\\\/#organization\",\"name\":\"Thomas Huebl\",\"url\":\"https:\\\/\\\/thomashuebl.com\\\/es\\\/\",\"logo\":{\"@type\":\"ImageObject\",\"inLanguage\":\"es\",\"@id\":\"https:\\\/\\\/thomashuebl.com\\\/es\\\/#\\\/schema\\\/logo\\\/image\\\/\",\"url\":\"https:\\\/\\\/thomashuebl.com\\\/wp-content\\\/uploads\\\/2023\\\/08\\\/thomashueblpl_03-1.jpg\",\"contentUrl\":\"https:\\\/\\\/thomashuebl.com\\\/wp-content\\\/uploads\\\/2023\\\/08\\\/thomashueblpl_03-1.jpg\",\"width\":1200,\"height\":630,\"caption\":\"Thomas Huebl\"},\"image\":{\"@id\":\"https:\\\/\\\/thomashuebl.com\\\/es\\\/#\\\/schema\\\/logo\\\/image\\\/\"},\"sameAs\":[\"https:\\\/\\\/www.facebook.com\\\/Thomas.Huebl.Sangha\\\/\",\"https:\\\/\\\/x.com\\\/thomasHuebl\",\"https:\\\/\\\/www.youtube.com\\\/user\\\/thomashuebl\",\"https:\\\/\\\/www.instagram.com\\\/thomashuebl\\\/\"]},{\"@type\":\"Person\",\"@id\":\"https:\\\/\\\/thomashuebl.com\\\/es\\\/#\\\/schema\\\/person\\\/0f4a84bba2f628cfada6d182a072720d\",\"name\":\"Stacey Marvel\",\"image\":{\"@type\":\"ImageObject\",\"inLanguage\":\"es\",\"@id\":\"https:\\\/\\\/secure.gravatar.com\\\/avatar\\\/fec4cfa4c8e0857a285f58e4e9b2b907bc38900434bb5a29eda90d57dab8ee65?s=96&d=mm&r=g\",\"url\":\"https:\\\/\\\/secure.gravatar.com\\\/avatar\\\/fec4cfa4c8e0857a285f58e4e9b2b907bc38900434bb5a29eda90d57dab8ee65?s=96&d=mm&r=g\",\"contentUrl\":\"https:\\\/\\\/secure.gravatar.com\\\/avatar\\\/fec4cfa4c8e0857a285f58e4e9b2b907bc38900434bb5a29eda90d57dab8ee65?s=96&d=mm&r=g\",\"caption\":\"Stacey Marvel\"},\"url\":\"https:\\\/\\\/thomashuebl.com\\\/es\\\/author\\\/stacey\\\/\"}]}<\/script>\n<!-- \/ Yoast SEO plugin. -->","yoast_head_json":{"title":"C\u00f3mo los traumas personales, colectivos y ancestrales repercuten en las comunidades - Thomas Huebl","description":"Matthew Green presenta el trabajo de Vivanna Rodriquez Carre\u00f3n en Per\u00fa y explica c\u00f3mo el trauma personal, colectivo y ancestral afecta a las comunidades.","robots":{"index":"index","follow":"follow","max-snippet":"max-snippet:-1","max-image-preview":"max-image-preview:large","max-video-preview":"max-video-preview:-1"},"canonical":"https:\/\/thomashuebl.com\/es\/los-traumas-personales-colectivos-y-ancestrales-en-las-comunidades\/","og_locale":"es_ES","og_type":"article","og_title":"C\u00f3mo los traumas personales, colectivos y ancestrales repercuten en las comunidades - Thomas Huebl","og_description":"Matthew Green presenta el trabajo de Vivanna Rodriquez Carre\u00f3n en Per\u00fa y explica c\u00f3mo el trauma personal, colectivo y ancestral afecta a las comunidades.","og_url":"https:\/\/thomashuebl.com\/es\/los-traumas-personales-colectivos-y-ancestrales-en-las-comunidades\/","og_site_name":"Thomas Huebl","article_publisher":"https:\/\/www.facebook.com\/Thomas.Huebl.Sangha\/","article_published_time":"2023-04-17T19:49:50+00:00","article_modified_time":"2024-02-09T11:48:11+00:00","og_image":[{"width":640,"height":380,"url":"https:\/\/thomashuebl.com\/wp-content\/uploads\/2024\/02\/Como-los-traumas-personales-colectivos-y-ancestrales-repercuten-en-las-comunidades-1.jpg","type":"image\/jpeg"}],"author":"Stacey Marvel","twitter_card":"summary_large_image","twitter_creator":"@thomasHuebl","twitter_site":"@thomasHuebl","twitter_misc":{"Escrito por":"Stacey Marvel","Tiempo de lectura":"13 minutos"},"schema":{"@context":"https:\/\/schema.org","@graph":[{"@type":"Article","@id":"https:\/\/thomashuebl.com\/es\/los-traumas-personales-colectivos-y-ancestrales-en-las-comunidades\/#article","isPartOf":{"@id":"https:\/\/thomashuebl.com\/es\/los-traumas-personales-colectivos-y-ancestrales-en-las-comunidades\/"},"author":{"name":"Stacey Marvel","@id":"https:\/\/thomashuebl.com\/es\/#\/schema\/person\/0f4a84bba2f628cfada6d182a072720d"},"headline":"C\u00f3mo los traumas personales, colectivos y ancestrales repercuten en las comunidades","datePublished":"2023-04-17T19:49:50+00:00","dateModified":"2024-02-09T11:48:11+00:00","mainEntityOfPage":{"@id":"https:\/\/thomashuebl.com\/es\/los-traumas-personales-colectivos-y-ancestrales-en-las-comunidades\/"},"wordCount":2909,"publisher":{"@id":"https:\/\/thomashuebl.com\/es\/#organization"},"image":{"@id":"https:\/\/thomashuebl.com\/es\/los-traumas-personales-colectivos-y-ancestrales-en-las-comunidades\/#primaryimage"},"thumbnailUrl":"https:\/\/thomashuebl.com\/wp-content\/uploads\/2024\/02\/Como-los-traumas-personales-colectivos-y-ancestrales-repercuten-en-las-comunidades-1.jpg","articleSection":["Trauma colectivo"],"inLanguage":"es"},{"@type":"WebPage","@id":"https:\/\/thomashuebl.com\/es\/los-traumas-personales-colectivos-y-ancestrales-en-las-comunidades\/","url":"https:\/\/thomashuebl.com\/es\/los-traumas-personales-colectivos-y-ancestrales-en-las-comunidades\/","name":"C\u00f3mo los traumas personales, colectivos y ancestrales repercuten en las comunidades - Thomas Huebl","isPartOf":{"@id":"https:\/\/thomashuebl.com\/es\/#website"},"primaryImageOfPage":{"@id":"https:\/\/thomashuebl.com\/es\/los-traumas-personales-colectivos-y-ancestrales-en-las-comunidades\/#primaryimage"},"image":{"@id":"https:\/\/thomashuebl.com\/es\/los-traumas-personales-colectivos-y-ancestrales-en-las-comunidades\/#primaryimage"},"thumbnailUrl":"https:\/\/thomashuebl.com\/wp-content\/uploads\/2024\/02\/Como-los-traumas-personales-colectivos-y-ancestrales-repercuten-en-las-comunidades-1.jpg","datePublished":"2023-04-17T19:49:50+00:00","dateModified":"2024-02-09T11:48:11+00:00","description":"Matthew Green presenta el trabajo de Vivanna Rodriquez Carre\u00f3n en Per\u00fa y explica c\u00f3mo el trauma personal, colectivo y ancestral afecta a las comunidades.","breadcrumb":{"@id":"https:\/\/thomashuebl.com\/es\/los-traumas-personales-colectivos-y-ancestrales-en-las-comunidades\/#breadcrumb"},"inLanguage":"es","potentialAction":[{"@type":"ReadAction","target":["https:\/\/thomashuebl.com\/es\/los-traumas-personales-colectivos-y-ancestrales-en-las-comunidades\/"]}]},{"@type":"ImageObject","inLanguage":"es","@id":"https:\/\/thomashuebl.com\/es\/los-traumas-personales-colectivos-y-ancestrales-en-las-comunidades\/#primaryimage","url":"https:\/\/thomashuebl.com\/wp-content\/uploads\/2024\/02\/Como-los-traumas-personales-colectivos-y-ancestrales-repercuten-en-las-comunidades-1.jpg","contentUrl":"https:\/\/thomashuebl.com\/wp-content\/uploads\/2024\/02\/Como-los-traumas-personales-colectivos-y-ancestrales-repercuten-en-las-comunidades-1.jpg","width":640,"height":380},{"@type":"BreadcrumbList","@id":"https:\/\/thomashuebl.com\/es\/los-traumas-personales-colectivos-y-ancestrales-en-las-comunidades\/#breadcrumb","itemListElement":[{"@type":"ListItem","position":1,"name":"Home","item":"https:\/\/thomashuebl.com\/es\/"},{"@type":"ListItem","position":2,"name":"C\u00f3mo los traumas personales, colectivos y ancestrales repercuten en las comunidades"}]},{"@type":"WebSite","@id":"https:\/\/thomashuebl.com\/es\/#website","url":"https:\/\/thomashuebl.com\/es\/","name":"Thomas Huebl","description":"","publisher":{"@id":"https:\/\/thomashuebl.com\/es\/#organization"},"potentialAction":[{"@type":"SearchAction","target":{"@type":"EntryPoint","urlTemplate":"https:\/\/thomashuebl.com\/es\/?s={search_term_string}"},"query-input":{"@type":"PropertyValueSpecification","valueRequired":true,"valueName":"search_term_string"}}],"inLanguage":"es"},{"@type":"Organization","@id":"https:\/\/thomashuebl.com\/es\/#organization","name":"Thomas Huebl","url":"https:\/\/thomashuebl.com\/es\/","logo":{"@type":"ImageObject","inLanguage":"es","@id":"https:\/\/thomashuebl.com\/es\/#\/schema\/logo\/image\/","url":"https:\/\/thomashuebl.com\/wp-content\/uploads\/2023\/08\/thomashueblpl_03-1.jpg","contentUrl":"https:\/\/thomashuebl.com\/wp-content\/uploads\/2023\/08\/thomashueblpl_03-1.jpg","width":1200,"height":630,"caption":"Thomas Huebl"},"image":{"@id":"https:\/\/thomashuebl.com\/es\/#\/schema\/logo\/image\/"},"sameAs":["https:\/\/www.facebook.com\/Thomas.Huebl.Sangha\/","https:\/\/x.com\/thomasHuebl","https:\/\/www.youtube.com\/user\/thomashuebl","https:\/\/www.instagram.com\/thomashuebl\/"]},{"@type":"Person","@id":"https:\/\/thomashuebl.com\/es\/#\/schema\/person\/0f4a84bba2f628cfada6d182a072720d","name":"Stacey Marvel","image":{"@type":"ImageObject","inLanguage":"es","@id":"https:\/\/secure.gravatar.com\/avatar\/fec4cfa4c8e0857a285f58e4e9b2b907bc38900434bb5a29eda90d57dab8ee65?s=96&d=mm&r=g","url":"https:\/\/secure.gravatar.com\/avatar\/fec4cfa4c8e0857a285f58e4e9b2b907bc38900434bb5a29eda90d57dab8ee65?s=96&d=mm&r=g","contentUrl":"https:\/\/secure.gravatar.com\/avatar\/fec4cfa4c8e0857a285f58e4e9b2b907bc38900434bb5a29eda90d57dab8ee65?s=96&d=mm&r=g","caption":"Stacey Marvel"},"url":"https:\/\/thomashuebl.com\/es\/author\/stacey\/"}]}},"_links":{"self":[{"href":"https:\/\/thomashuebl.com\/es\/wp-json\/wp\/v2\/posts\/3551","targetHints":{"allow":["GET"]}}],"collection":[{"href":"https:\/\/thomashuebl.com\/es\/wp-json\/wp\/v2\/posts"}],"about":[{"href":"https:\/\/thomashuebl.com\/es\/wp-json\/wp\/v2\/types\/post"}],"author":[{"embeddable":true,"href":"https:\/\/thomashuebl.com\/es\/wp-json\/wp\/v2\/users\/4"}],"replies":[{"embeddable":true,"href":"https:\/\/thomashuebl.com\/es\/wp-json\/wp\/v2\/comments?post=3551"}],"version-history":[{"count":0,"href":"https:\/\/thomashuebl.com\/es\/wp-json\/wp\/v2\/posts\/3551\/revisions"}],"wp:featuredmedia":[{"embeddable":true,"href":"https:\/\/thomashuebl.com\/es\/wp-json\/wp\/v2\/media\/3552"}],"wp:attachment":[{"href":"https:\/\/thomashuebl.com\/es\/wp-json\/wp\/v2\/media?parent=3551"}],"wp:term":[{"taxonomy":"category","embeddable":true,"href":"https:\/\/thomashuebl.com\/es\/wp-json\/wp\/v2\/categories?post=3551"},{"taxonomy":"post_tag","embeddable":true,"href":"https:\/\/thomashuebl.com\/es\/wp-json\/wp\/v2\/tags?post=3551"}],"curies":[{"name":"wp","href":"https:\/\/api.w.org\/{rel}","templated":true}]}}