{"id":2990,"date":"2023-02-13T17:26:15","date_gmt":"2023-02-14T01:26:15","guid":{"rendered":"https:\/\/thomashuebl.com\/?p=2990"},"modified":"2023-09-11T06:52:07","modified_gmt":"2023-09-11T13:52:07","slug":"oprah-daily-publica-un-libro-sobre-la-curacion-del-trauma-colectivo","status":"publish","type":"post","link":"https:\/\/thomashuebl.com\/es\/oprah-daily-publica-un-libro-sobre-la-curacion-del-trauma-colectivo\/","title":{"rendered":"Oprah Daily publica un libro sobre la curaci\u00f3n del trauma colectivo"},"content":{"rendered":"<p><strong>El blog Oprah Daily<\/strong> acaba de presentar libros sobre el trauma. Entre ellos, el libro &#8220;<em>Healing Collective Trauma<\/em>&#8220;, de Thomas H\u00fcbl. Y otras nueve obras de primera categor\u00eda.<\/p>\n<p>Nos alegramos mucho por ello, ya que contribuye a difundir conocimientos sobre este importante tema. Porque: <em>Por muy privado o personal que sea, el trauma no puede pertenecer \u00fanicamente a una familia, ni siquiera al intrincado \u00e1rbol geneal\u00f3gico de esa familia. Las consecuencias del trauma se filtran a trav\u00e9s de comunidades, regiones, tierras y naciones.<\/em><\/p>\n<p><a href=\"https:\/\/www.oprahdaily.com\/entertainment\/books\/g42465900\/books-to-help-heal-trauma\/\" target=\"_blank\" rel=\"noopener\"><img fetchpriority=\"high\" decoding=\"async\" src=\"https:\/\/thomashuebl.com\/wp-content\/uploads\/2023\/02\/00-TH-oprah-book-web-300x225.jpg\" alt=\"\" width=\"300\" height=\"225\" \/><\/a><\/p>\n<p>&#8220;Si quieres entender <strong>la dimensi\u00f3n espiritual del dolor colectivo<\/strong>: Curar el trauma colectivo, de Thomas H\u00fcbl&#8221;, dice Elise Loehnen en Oprah Daily.<\/p>\n<p>&#8220;Trauma es una gran palabra cultural de moda, lo que sugiere que nos estamos convirtiendo r\u00e1pidamente en una sociedad m\u00e1s informada sobre el trauma; dicho esto, incluso cuando se lanza casualmente como un t\u00e9rmino, es un concepto muy matizado. Su etimolog\u00eda es &#8220;herida&#8221;, y existen muchas variantes: profundas, colectivas, as\u00ed como da\u00f1os individuales tanto de refil\u00f3n como insidiosos. A continuaci\u00f3n, libros para cada variante y aplicaci\u00f3n&#8221;.<\/p>\n<h3><a href=\"https:\/\/www.oprahdaily.com\/entertainment\/books\/g42465900\/books-to-help-heal-trauma\/\" target=\"_blank\" rel=\"noopener\">Lea el art\u00edculo aqu\u00ed &gt;&gt;<\/a><\/h3>\n<p><a href=\"https:\/\/www.collectivetraumabook.com\/\" target=\"_blank\" rel=\"noopener\">M\u00e1s sobre el libro de Thomas &gt;&gt;<\/a><\/p>\n","protected":false},"excerpt":{"rendered":"<p>El blog Oprah Daily acaba de presentar libros sobre el trauma. Entre ellos, el libro &#8220;Healing Collective Trauma&#8220;, de Thomas H\u00fcbl. Y otras nueve obras de primera categor\u00eda. Nos alegramos mucho por ello, ya que contribuye a difundir conocimientos sobre este importante tema. Porque: Por muy privado o personal que sea, el trauma no puede [&hellip;]<\/p>\n","protected":false},"author":4,"featured_media":2663,"comment_status":"closed","ping_status":"closed","sticky":false,"template":"","format":"standard","meta":{"_acf_changed":false,"site-sidebar-layout":"default","site-content-layout":"default","ast-site-content-layout":"default","site-content-style":"default","site-sidebar-style":"default","ast-global-header-display":"","ast-banner-title-visibility":"","ast-main-header-display":"","ast-hfb-above-header-display":"","ast-hfb-below-header-display":"","ast-hfb-mobile-header-display":"","site-post-title":"","ast-breadcrumbs-content":"","ast-featured-img":"","footer-sml-layout":"","ast-disable-related-posts":"","theme-transparent-header-meta":"default","adv-header-id-meta":"","stick-header-meta":"","header-above-stick-meta":"","header-main-stick-meta":"","header-below-stick-meta":"","astra-migrate-meta-layouts":"set","ast-page-background-enabled":"default","ast-page-background-meta":{"desktop":{"background-color":"","background-image":"","background-repeat":"repeat","background-position":"center center","background-size":"auto","background-attachment":"scroll","background-type":"","background-media":"","overlay-type":"","overlay-color":"","overlay-opacity":"","overlay-gradient":""},"tablet":{"background-color":"","background-image":"","background-repeat":"repeat","background-position":"center center","background-size":"auto","background-attachment":"scroll","background-type":"","background-media":"","overlay-type":"","overlay-color":"","overlay-opacity":"","overlay-gradient":""},"mobile":{"background-color":"","background-image":"","background-repeat":"repeat","background-position":"center center","background-size":"auto","background-attachment":"scroll","background-type":"","background-media":"","overlay-type":"","overlay-color":"","overlay-opacity":"","overlay-gradient":""}},"ast-content-background-meta":{"desktop":{"background-color":"var(--ast-global-color-5)","background-image":"","background-repeat":"repeat","background-position":"center center","background-size":"auto","background-attachment":"scroll","background-type":"","background-media":"","overlay-type":"","overlay-color":"","overlay-opacity":"","overlay-gradient":""},"tablet":{"background-color":"var(--ast-global-color-5)","background-image":"","background-repeat":"repeat","background-position":"center center","background-size":"auto","background-attachment":"scroll","background-type":"","background-media":"","overlay-type":"","overlay-color":"","overlay-opacity":"","overlay-gradient":""},"mobile":{"background-color":"var(--ast-global-color-5)","background-image":"","background-repeat":"repeat","background-position":"center center","background-size":"auto","background-attachment":"scroll","background-type":"","background-media":"","overlay-type":"","overlay-color":"","overlay-opacity":"","overlay-gradient":""}},"footnotes":""},"categories":[],"tags":[],"class_list":["post-2990","post","type-post","status-publish","format-standard","has-post-thumbnail","hentry"],"acf":[],"yoast_head":"<!-- This site is optimized with the Yoast SEO plugin v27.4 - https:\/\/yoast.com\/product\/yoast-seo-wordpress\/ -->\n<title>Oprah Daily publica un libro sobre la curaci\u00f3n del trauma colectivo - Thomas Huebl<\/title>\n<meta name=\"robots\" content=\"index, follow, max-snippet:-1, max-image-preview:large, max-video-preview:-1\" \/>\n<link rel=\"canonical\" href=\"https:\/\/thomashuebl.com\/es\/oprah-daily-publica-un-libro-sobre-la-curacion-del-trauma-colectivo\/\" \/>\n<meta property=\"og:locale\" content=\"es_ES\" \/>\n<meta property=\"og:type\" content=\"article\" \/>\n<meta property=\"og:title\" content=\"Oprah Daily publica un libro sobre la curaci\u00f3n del trauma colectivo - Thomas Huebl\" \/>\n<meta property=\"og:description\" content=\"El blog Oprah Daily acaba de presentar libros sobre el trauma. Entre ellos, el libro &#8220;Healing Collective Trauma&#8220;, de Thomas H\u00fcbl. Y otras nueve obras de primera categor\u00eda. Nos alegramos mucho por ello, ya que contribuye a difundir conocimientos sobre este importante tema. Porque: Por muy privado o personal que sea, el trauma no puede [&hellip;]\" \/>\n<meta property=\"og:url\" content=\"https:\/\/thomashuebl.com\/es\/oprah-daily-publica-un-libro-sobre-la-curacion-del-trauma-colectivo\/\" \/>\n<meta property=\"og:site_name\" content=\"Thomas Huebl\" \/>\n<meta property=\"article:publisher\" content=\"https:\/\/www.facebook.com\/Thomas.Huebl.Sangha\/\" \/>\n<meta property=\"article:published_time\" content=\"2023-02-14T01:26:15+00:00\" \/>\n<meta property=\"article:modified_time\" content=\"2023-09-11T13:52:07+00:00\" \/>\n<meta property=\"og:image\" content=\"https:\/\/thomashuebl.com\/wp-content\/uploads\/2023\/02\/oprah-healing-collective-trauma-book-blog-thomas-huebl-1.jpg\" \/>\n\t<meta property=\"og:image:width\" content=\"640\" \/>\n\t<meta property=\"og:image:height\" content=\"380\" \/>\n\t<meta property=\"og:image:type\" content=\"image\/jpeg\" \/>\n<meta name=\"author\" content=\"Stacey Marvel\" \/>\n<meta name=\"twitter:card\" content=\"summary_large_image\" \/>\n<meta name=\"twitter:creator\" content=\"@thomasHuebl\" \/>\n<meta name=\"twitter:site\" content=\"@thomasHuebl\" \/>\n<meta name=\"twitter:label1\" content=\"Escrito por\" \/>\n\t<meta name=\"twitter:data1\" content=\"Stacey Marvel\" \/>\n\t<meta name=\"twitter:label2\" content=\"Tiempo de lectura\" \/>\n\t<meta name=\"twitter:data2\" content=\"1 minuto\" \/>\n<script type=\"application\/ld+json\" class=\"yoast-schema-graph\">{\"@context\":\"https:\\\/\\\/schema.org\",\"@graph\":[{\"@type\":\"Article\",\"@id\":\"https:\\\/\\\/thomashuebl.com\\\/es\\\/oprah-daily-publica-un-libro-sobre-la-curacion-del-trauma-colectivo\\\/#article\",\"isPartOf\":{\"@id\":\"https:\\\/\\\/thomashuebl.com\\\/es\\\/oprah-daily-publica-un-libro-sobre-la-curacion-del-trauma-colectivo\\\/\"},\"author\":{\"name\":\"Stacey Marvel\",\"@id\":\"https:\\\/\\\/thomashuebl.com\\\/es\\\/#\\\/schema\\\/person\\\/0f4a84bba2f628cfada6d182a072720d\"},\"headline\":\"Oprah Daily publica un libro sobre la curaci\u00f3n del trauma colectivo\",\"datePublished\":\"2023-02-14T01:26:15+00:00\",\"dateModified\":\"2023-09-11T13:52:07+00:00\",\"mainEntityOfPage\":{\"@id\":\"https:\\\/\\\/thomashuebl.com\\\/es\\\/oprah-daily-publica-un-libro-sobre-la-curacion-del-trauma-colectivo\\\/\"},\"wordCount\":213,\"publisher\":{\"@id\":\"https:\\\/\\\/thomashuebl.com\\\/es\\\/#organization\"},\"image\":{\"@id\":\"https:\\\/\\\/thomashuebl.com\\\/es\\\/oprah-daily-publica-un-libro-sobre-la-curacion-del-trauma-colectivo\\\/#primaryimage\"},\"thumbnailUrl\":\"https:\\\/\\\/thomashuebl.com\\\/wp-content\\\/uploads\\\/2023\\\/02\\\/oprah-healing-collective-trauma-book-blog-thomas-huebl-1.jpg\",\"inLanguage\":\"es\"},{\"@type\":\"WebPage\",\"@id\":\"https:\\\/\\\/thomashuebl.com\\\/es\\\/oprah-daily-publica-un-libro-sobre-la-curacion-del-trauma-colectivo\\\/\",\"url\":\"https:\\\/\\\/thomashuebl.com\\\/es\\\/oprah-daily-publica-un-libro-sobre-la-curacion-del-trauma-colectivo\\\/\",\"name\":\"Oprah Daily publica un libro sobre la curaci\u00f3n del trauma colectivo - Thomas Huebl\",\"isPartOf\":{\"@id\":\"https:\\\/\\\/thomashuebl.com\\\/es\\\/#website\"},\"primaryImageOfPage\":{\"@id\":\"https:\\\/\\\/thomashuebl.com\\\/es\\\/oprah-daily-publica-un-libro-sobre-la-curacion-del-trauma-colectivo\\\/#primaryimage\"},\"image\":{\"@id\":\"https:\\\/\\\/thomashuebl.com\\\/es\\\/oprah-daily-publica-un-libro-sobre-la-curacion-del-trauma-colectivo\\\/#primaryimage\"},\"thumbnailUrl\":\"https:\\\/\\\/thomashuebl.com\\\/wp-content\\\/uploads\\\/2023\\\/02\\\/oprah-healing-collective-trauma-book-blog-thomas-huebl-1.jpg\",\"datePublished\":\"2023-02-14T01:26:15+00:00\",\"dateModified\":\"2023-09-11T13:52:07+00:00\",\"breadcrumb\":{\"@id\":\"https:\\\/\\\/thomashuebl.com\\\/es\\\/oprah-daily-publica-un-libro-sobre-la-curacion-del-trauma-colectivo\\\/#breadcrumb\"},\"inLanguage\":\"es\",\"potentialAction\":[{\"@type\":\"ReadAction\",\"target\":[\"https:\\\/\\\/thomashuebl.com\\\/es\\\/oprah-daily-publica-un-libro-sobre-la-curacion-del-trauma-colectivo\\\/\"]}]},{\"@type\":\"ImageObject\",\"inLanguage\":\"es\",\"@id\":\"https:\\\/\\\/thomashuebl.com\\\/es\\\/oprah-daily-publica-un-libro-sobre-la-curacion-del-trauma-colectivo\\\/#primaryimage\",\"url\":\"https:\\\/\\\/thomashuebl.com\\\/wp-content\\\/uploads\\\/2023\\\/02\\\/oprah-healing-collective-trauma-book-blog-thomas-huebl-1.jpg\",\"contentUrl\":\"https:\\\/\\\/thomashuebl.com\\\/wp-content\\\/uploads\\\/2023\\\/02\\\/oprah-healing-collective-trauma-book-blog-thomas-huebl-1.jpg\",\"width\":640,\"height\":380},{\"@type\":\"BreadcrumbList\",\"@id\":\"https:\\\/\\\/thomashuebl.com\\\/es\\\/oprah-daily-publica-un-libro-sobre-la-curacion-del-trauma-colectivo\\\/#breadcrumb\",\"itemListElement\":[{\"@type\":\"ListItem\",\"position\":1,\"name\":\"Home\",\"item\":\"https:\\\/\\\/thomashuebl.com\\\/es\\\/\"},{\"@type\":\"ListItem\",\"position\":2,\"name\":\"Oprah Daily publica un libro sobre la curaci\u00f3n del trauma colectivo\"}]},{\"@type\":\"WebSite\",\"@id\":\"https:\\\/\\\/thomashuebl.com\\\/es\\\/#website\",\"url\":\"https:\\\/\\\/thomashuebl.com\\\/es\\\/\",\"name\":\"Thomas Huebl\",\"description\":\"\",\"publisher\":{\"@id\":\"https:\\\/\\\/thomashuebl.com\\\/es\\\/#organization\"},\"potentialAction\":[{\"@type\":\"SearchAction\",\"target\":{\"@type\":\"EntryPoint\",\"urlTemplate\":\"https:\\\/\\\/thomashuebl.com\\\/es\\\/?s={search_term_string}\"},\"query-input\":{\"@type\":\"PropertyValueSpecification\",\"valueRequired\":true,\"valueName\":\"search_term_string\"}}],\"inLanguage\":\"es\"},{\"@type\":\"Organization\",\"@id\":\"https:\\\/\\\/thomashuebl.com\\\/es\\\/#organization\",\"name\":\"Thomas Huebl\",\"url\":\"https:\\\/\\\/thomashuebl.com\\\/es\\\/\",\"logo\":{\"@type\":\"ImageObject\",\"inLanguage\":\"es\",\"@id\":\"https:\\\/\\\/thomashuebl.com\\\/es\\\/#\\\/schema\\\/logo\\\/image\\\/\",\"url\":\"https:\\\/\\\/thomashuebl.com\\\/wp-content\\\/uploads\\\/2023\\\/08\\\/thomashueblpl_03-1.jpg\",\"contentUrl\":\"https:\\\/\\\/thomashuebl.com\\\/wp-content\\\/uploads\\\/2023\\\/08\\\/thomashueblpl_03-1.jpg\",\"width\":1200,\"height\":630,\"caption\":\"Thomas Huebl\"},\"image\":{\"@id\":\"https:\\\/\\\/thomashuebl.com\\\/es\\\/#\\\/schema\\\/logo\\\/image\\\/\"},\"sameAs\":[\"https:\\\/\\\/www.facebook.com\\\/Thomas.Huebl.Sangha\\\/\",\"https:\\\/\\\/x.com\\\/thomasHuebl\",\"https:\\\/\\\/www.youtube.com\\\/user\\\/thomashuebl\",\"https:\\\/\\\/www.instagram.com\\\/thomashuebl\\\/\"]},{\"@type\":\"Person\",\"@id\":\"https:\\\/\\\/thomashuebl.com\\\/es\\\/#\\\/schema\\\/person\\\/0f4a84bba2f628cfada6d182a072720d\",\"name\":\"Stacey Marvel\",\"image\":{\"@type\":\"ImageObject\",\"inLanguage\":\"es\",\"@id\":\"https:\\\/\\\/secure.gravatar.com\\\/avatar\\\/fec4cfa4c8e0857a285f58e4e9b2b907bc38900434bb5a29eda90d57dab8ee65?s=96&d=mm&r=g\",\"url\":\"https:\\\/\\\/secure.gravatar.com\\\/avatar\\\/fec4cfa4c8e0857a285f58e4e9b2b907bc38900434bb5a29eda90d57dab8ee65?s=96&d=mm&r=g\",\"contentUrl\":\"https:\\\/\\\/secure.gravatar.com\\\/avatar\\\/fec4cfa4c8e0857a285f58e4e9b2b907bc38900434bb5a29eda90d57dab8ee65?s=96&d=mm&r=g\",\"caption\":\"Stacey Marvel\"},\"url\":\"https:\\\/\\\/thomashuebl.com\\\/es\\\/author\\\/stacey\\\/\"}]}<\/script>\n<!-- \/ Yoast SEO plugin. -->","yoast_head_json":{"title":"Oprah Daily publica un libro sobre la curaci\u00f3n del trauma colectivo - Thomas Huebl","robots":{"index":"index","follow":"follow","max-snippet":"max-snippet:-1","max-image-preview":"max-image-preview:large","max-video-preview":"max-video-preview:-1"},"canonical":"https:\/\/thomashuebl.com\/es\/oprah-daily-publica-un-libro-sobre-la-curacion-del-trauma-colectivo\/","og_locale":"es_ES","og_type":"article","og_title":"Oprah Daily publica un libro sobre la curaci\u00f3n del trauma colectivo - Thomas Huebl","og_description":"El blog Oprah Daily acaba de presentar libros sobre el trauma. Entre ellos, el libro &#8220;Healing Collective Trauma&#8220;, de Thomas H\u00fcbl. Y otras nueve obras de primera categor\u00eda. Nos alegramos mucho por ello, ya que contribuye a difundir conocimientos sobre este importante tema. Porque: Por muy privado o personal que sea, el trauma no puede [&hellip;]","og_url":"https:\/\/thomashuebl.com\/es\/oprah-daily-publica-un-libro-sobre-la-curacion-del-trauma-colectivo\/","og_site_name":"Thomas Huebl","article_publisher":"https:\/\/www.facebook.com\/Thomas.Huebl.Sangha\/","article_published_time":"2023-02-14T01:26:15+00:00","article_modified_time":"2023-09-11T13:52:07+00:00","og_image":[{"width":640,"height":380,"url":"https:\/\/thomashuebl.com\/wp-content\/uploads\/2023\/02\/oprah-healing-collective-trauma-book-blog-thomas-huebl-1.jpg","type":"image\/jpeg"}],"author":"Stacey Marvel","twitter_card":"summary_large_image","twitter_creator":"@thomasHuebl","twitter_site":"@thomasHuebl","twitter_misc":{"Escrito por":"Stacey Marvel","Tiempo de lectura":"1 minuto"},"schema":{"@context":"https:\/\/schema.org","@graph":[{"@type":"Article","@id":"https:\/\/thomashuebl.com\/es\/oprah-daily-publica-un-libro-sobre-la-curacion-del-trauma-colectivo\/#article","isPartOf":{"@id":"https:\/\/thomashuebl.com\/es\/oprah-daily-publica-un-libro-sobre-la-curacion-del-trauma-colectivo\/"},"author":{"name":"Stacey Marvel","@id":"https:\/\/thomashuebl.com\/es\/#\/schema\/person\/0f4a84bba2f628cfada6d182a072720d"},"headline":"Oprah Daily publica un libro sobre la curaci\u00f3n del trauma colectivo","datePublished":"2023-02-14T01:26:15+00:00","dateModified":"2023-09-11T13:52:07+00:00","mainEntityOfPage":{"@id":"https:\/\/thomashuebl.com\/es\/oprah-daily-publica-un-libro-sobre-la-curacion-del-trauma-colectivo\/"},"wordCount":213,"publisher":{"@id":"https:\/\/thomashuebl.com\/es\/#organization"},"image":{"@id":"https:\/\/thomashuebl.com\/es\/oprah-daily-publica-un-libro-sobre-la-curacion-del-trauma-colectivo\/#primaryimage"},"thumbnailUrl":"https:\/\/thomashuebl.com\/wp-content\/uploads\/2023\/02\/oprah-healing-collective-trauma-book-blog-thomas-huebl-1.jpg","inLanguage":"es"},{"@type":"WebPage","@id":"https:\/\/thomashuebl.com\/es\/oprah-daily-publica-un-libro-sobre-la-curacion-del-trauma-colectivo\/","url":"https:\/\/thomashuebl.com\/es\/oprah-daily-publica-un-libro-sobre-la-curacion-del-trauma-colectivo\/","name":"Oprah Daily publica un libro sobre la curaci\u00f3n del trauma colectivo - Thomas Huebl","isPartOf":{"@id":"https:\/\/thomashuebl.com\/es\/#website"},"primaryImageOfPage":{"@id":"https:\/\/thomashuebl.com\/es\/oprah-daily-publica-un-libro-sobre-la-curacion-del-trauma-colectivo\/#primaryimage"},"image":{"@id":"https:\/\/thomashuebl.com\/es\/oprah-daily-publica-un-libro-sobre-la-curacion-del-trauma-colectivo\/#primaryimage"},"thumbnailUrl":"https:\/\/thomashuebl.com\/wp-content\/uploads\/2023\/02\/oprah-healing-collective-trauma-book-blog-thomas-huebl-1.jpg","datePublished":"2023-02-14T01:26:15+00:00","dateModified":"2023-09-11T13:52:07+00:00","breadcrumb":{"@id":"https:\/\/thomashuebl.com\/es\/oprah-daily-publica-un-libro-sobre-la-curacion-del-trauma-colectivo\/#breadcrumb"},"inLanguage":"es","potentialAction":[{"@type":"ReadAction","target":["https:\/\/thomashuebl.com\/es\/oprah-daily-publica-un-libro-sobre-la-curacion-del-trauma-colectivo\/"]}]},{"@type":"ImageObject","inLanguage":"es","@id":"https:\/\/thomashuebl.com\/es\/oprah-daily-publica-un-libro-sobre-la-curacion-del-trauma-colectivo\/#primaryimage","url":"https:\/\/thomashuebl.com\/wp-content\/uploads\/2023\/02\/oprah-healing-collective-trauma-book-blog-thomas-huebl-1.jpg","contentUrl":"https:\/\/thomashuebl.com\/wp-content\/uploads\/2023\/02\/oprah-healing-collective-trauma-book-blog-thomas-huebl-1.jpg","width":640,"height":380},{"@type":"BreadcrumbList","@id":"https:\/\/thomashuebl.com\/es\/oprah-daily-publica-un-libro-sobre-la-curacion-del-trauma-colectivo\/#breadcrumb","itemListElement":[{"@type":"ListItem","position":1,"name":"Home","item":"https:\/\/thomashuebl.com\/es\/"},{"@type":"ListItem","position":2,"name":"Oprah Daily publica un libro sobre la curaci\u00f3n del trauma colectivo"}]},{"@type":"WebSite","@id":"https:\/\/thomashuebl.com\/es\/#website","url":"https:\/\/thomashuebl.com\/es\/","name":"Thomas Huebl","description":"","publisher":{"@id":"https:\/\/thomashuebl.com\/es\/#organization"},"potentialAction":[{"@type":"SearchAction","target":{"@type":"EntryPoint","urlTemplate":"https:\/\/thomashuebl.com\/es\/?s={search_term_string}"},"query-input":{"@type":"PropertyValueSpecification","valueRequired":true,"valueName":"search_term_string"}}],"inLanguage":"es"},{"@type":"Organization","@id":"https:\/\/thomashuebl.com\/es\/#organization","name":"Thomas Huebl","url":"https:\/\/thomashuebl.com\/es\/","logo":{"@type":"ImageObject","inLanguage":"es","@id":"https:\/\/thomashuebl.com\/es\/#\/schema\/logo\/image\/","url":"https:\/\/thomashuebl.com\/wp-content\/uploads\/2023\/08\/thomashueblpl_03-1.jpg","contentUrl":"https:\/\/thomashuebl.com\/wp-content\/uploads\/2023\/08\/thomashueblpl_03-1.jpg","width":1200,"height":630,"caption":"Thomas Huebl"},"image":{"@id":"https:\/\/thomashuebl.com\/es\/#\/schema\/logo\/image\/"},"sameAs":["https:\/\/www.facebook.com\/Thomas.Huebl.Sangha\/","https:\/\/x.com\/thomasHuebl","https:\/\/www.youtube.com\/user\/thomashuebl","https:\/\/www.instagram.com\/thomashuebl\/"]},{"@type":"Person","@id":"https:\/\/thomashuebl.com\/es\/#\/schema\/person\/0f4a84bba2f628cfada6d182a072720d","name":"Stacey Marvel","image":{"@type":"ImageObject","inLanguage":"es","@id":"https:\/\/secure.gravatar.com\/avatar\/fec4cfa4c8e0857a285f58e4e9b2b907bc38900434bb5a29eda90d57dab8ee65?s=96&d=mm&r=g","url":"https:\/\/secure.gravatar.com\/avatar\/fec4cfa4c8e0857a285f58e4e9b2b907bc38900434bb5a29eda90d57dab8ee65?s=96&d=mm&r=g","contentUrl":"https:\/\/secure.gravatar.com\/avatar\/fec4cfa4c8e0857a285f58e4e9b2b907bc38900434bb5a29eda90d57dab8ee65?s=96&d=mm&r=g","caption":"Stacey Marvel"},"url":"https:\/\/thomashuebl.com\/es\/author\/stacey\/"}]}},"_links":{"self":[{"href":"https:\/\/thomashuebl.com\/es\/wp-json\/wp\/v2\/posts\/2990","targetHints":{"allow":["GET"]}}],"collection":[{"href":"https:\/\/thomashuebl.com\/es\/wp-json\/wp\/v2\/posts"}],"about":[{"href":"https:\/\/thomashuebl.com\/es\/wp-json\/wp\/v2\/types\/post"}],"author":[{"embeddable":true,"href":"https:\/\/thomashuebl.com\/es\/wp-json\/wp\/v2\/users\/4"}],"replies":[{"embeddable":true,"href":"https:\/\/thomashuebl.com\/es\/wp-json\/wp\/v2\/comments?post=2990"}],"version-history":[{"count":0,"href":"https:\/\/thomashuebl.com\/es\/wp-json\/wp\/v2\/posts\/2990\/revisions"}],"wp:featuredmedia":[{"embeddable":true,"href":"https:\/\/thomashuebl.com\/es\/wp-json\/wp\/v2\/media\/2663"}],"wp:attachment":[{"href":"https:\/\/thomashuebl.com\/es\/wp-json\/wp\/v2\/media?parent=2990"}],"wp:term":[{"taxonomy":"category","embeddable":true,"href":"https:\/\/thomashuebl.com\/es\/wp-json\/wp\/v2\/categories?post=2990"},{"taxonomy":"post_tag","embeddable":true,"href":"https:\/\/thomashuebl.com\/es\/wp-json\/wp\/v2\/tags?post=2990"}],"curies":[{"name":"wp","href":"https:\/\/api.w.org\/{rel}","templated":true}]}}