{"id":2336,"date":"2018-03-28T04:42:25","date_gmt":"2018-03-28T11:42:25","guid":{"rendered":"https:\/\/thomashuebl.com\/?p=2336"},"modified":"2023-08-22T07:35:56","modified_gmt":"2023-08-22T14:35:56","slug":"herausforderung-klimawandel","status":"publish","type":"post","link":"https:\/\/thomashuebl.com\/de\/herausforderung-klimawandel\/","title":{"rendered":"Herausforderung Klimawandel"},"content":{"rendered":"<p><strong>In diesem Interview mit Brian Weinberg spricht Thomas H\u00fcbl \u00fcber den Klimawandel. Aus seiner Sicht ist dieser ein Zeichen daf\u00fcr, dass wir nicht mehr angebunden leben. Und gleichzeitig ist das auch eine Einladung, eine h\u00f6here Perspektive einzunehmen<\/strong><\/p>\n<p><em><strong>Deutsche Untertitel einschalten<\/strong>: auf den Play-Button klicken. Im Men\u00fc unten rechts den Button \u201eCC\u201c anklicken.<\/em><\/p>\n<p><iframe src=\"https:\/\/player.vimeo.com\/video\/262149011\" width=\"640\" height=\"360\" frameborder=\"0\" allowfullscreen=\"allowfullscreen\" data-mce-fragment=\"1\"><\/iframe><\/p>\n<p><em>Hier ist ein editierter Ausschnitt aus dem Gespr\u00e4ch:<\/em><\/p>\n<p><strong>THOMAS:<\/strong>\u00a0Ich denke, wir leben in einer Zeit, wo wir unser Konzept von der Welt wieder einmal revolutionieren m\u00fcssen. Wenn man aus dem All auf die Erde schaut und diese ber\u00fchmte blaue Kugel sieht, dann ruft das das Gef\u00fchl hervor: \u201eOh, das ist ein festgelegter Planet. Er hat eine gewisse Gr\u00f6\u00dfe und ist ein genau definiertes System.\u201c Fr\u00fcher haben wir gedacht, der Planet w\u00e4re eine Scheibe, jetzt denken wir, er w\u00e4re eine Kugel, die durchs Universum fliegt.<\/p>\n<p>Aber die Welt ist nicht festgelegt. F\u00fcr mich ist die Welt, die wir kennen,<strong>\u00a0festgelegt durch das Bewusstsein, das sie wahrnimmt<\/strong>. Wenn man das Bewusstsein \u00e4ndert, das die Welt wahrnimmt, dann stellt man fest, dass wir ein st\u00e4ndiges Update des Systems sind, in dem wir leben. Ein Mensch ist die \u00dcbersetzung von Energie in Struktur. Wir sind Geist, der zu Materie wird. Wir haben Einsichten, Inspirationen, Erkenntnisse. Wir formen eine neue Welt. Wir modellieren oder formen eine Skulptur einer neuen Welt, jeden Tag, den wir herumlaufen.<\/p>\n<p>Man k\u00f6nnte sogar sagen, dass Menschen der \u201elebendige Planet\u201c sind. Ein Mensch hat ein offenes Nervensystem. Mit Milliarden von Menschen auf dem Planeten hat auch der Planet<strong>\u00a0ein offenes, atmendes Nervensystem<\/strong>, und dieses Nervensystem kann<strong>\u00a0Innovationen<\/strong>\u00a0und zuk\u00fcnftige Emergenz empfangen. Man k\u00f6nnte sagen, der Planet ist keine festgelegte M\u00f6glichkeit, er ist eine offene M\u00f6glichkeit.<\/p>\n<p>Wir m\u00fcssen uns die Abh\u00e4ngigkeiten, die Gewohnheiten, die Traumatisierungen anschauen, die uns als Kultur daran hindern, neue Schritte zu unternehmen und n\u00f6tige neue Bewegungen so schnell wie m\u00f6glich umzusetzen. Wir sprechen von einer Weltsicht, die auch ein Update braucht. Der Planet steht vor einer Herausforderung \u2013 wir nennen sie Klimawandel, aber\u00a0<strong>Klimawandel ist eine Einladung zu einer h\u00f6heren Perspektive<\/strong>.<\/p>\n<p>Die mystischen Lehren sagen uns auch: immer, wenn es in unserem Leben eine Frage gibt, schwimmt der\u00a0<strong>Fisch der Antwort<\/strong>\u00a0schon zwischen unseren Beinen. Die ganze Information, die wir brauchen, um das Problem zu l\u00f6sen, befindet sich bereits im System.<\/p>\n<p>Wir m\u00fcssen ausreichend synchronisiert sein, um diese Intelligenz nutzen zu k\u00f6nnen \u2013 wie ein Orchester m\u00fcssen wir all unsere verschiedenen Instrumente stimmen und dann ein Konzert spielen. Das ist der Prozess, in dem wir uns gerade befinden. Wenn der geschafft ist, wird die Antwort sich zeigen. Anstatt dann das Problem Klimawandel zu l\u00f6sen, werden wir eher\u00a0<strong>ein anderes System schaffen<\/strong>, in dem das Symptom Klimawandel sich nicht zeigt.<\/p>\n<p>Klimawandel hat also eine Entwicklungskomponente \u2013 er zeigt uns, wie wir in die Zukunft eintreten. Und er zeigt uns auch, dass etwas nicht mehr richtig ausgerichtet ist.<\/p>\n<p>Die Art, wie wir leben, ist nicht wirklich gesund \u2013 und die \u00fcberhitzte Atmosph\u00e4re repr\u00e4sentiert einen \u00fcberhitzten Teil unseres Erlebens als Menschen. Das ist ein Zeichen, unsere Art zu leben oder unsere Beziehung zu dem Hauptorganisationsprinzip des menschlichen Systems zu \u00e4ndern.\u00a0<strong>Klimawandel ist ein Symptom f\u00fcr etwas, und wir m\u00fcssen die Ursache finden. Wo ist das Feuer?<\/strong><\/p>\n","protected":false},"excerpt":{"rendered":"<p>In diesem Interview mit Brian Weinberg spricht Thomas H\u00fcbl \u00fcber den Klimawandel. Aus seiner Sicht ist dieser ein Zeichen daf\u00fcr, dass wir nicht mehr angebunden leben. Und gleichzeitig ist das auch eine Einladung, eine h\u00f6here Perspektive einzunehmen Deutsche Untertitel einschalten: auf den Play-Button klicken. Im Men\u00fc unten rechts den Button \u201eCC\u201c anklicken. Hier ist ein [&hellip;]<\/p>\n","protected":false},"author":4,"featured_media":2912,"comment_status":"closed","ping_status":"closed","sticky":false,"template":"","format":"standard","meta":{"_acf_changed":false,"site-sidebar-layout":"default","site-content-layout":"default","ast-site-content-layout":"default","site-content-style":"default","site-sidebar-style":"default","ast-global-header-display":"","ast-banner-title-visibility":"","ast-main-header-display":"","ast-hfb-above-header-display":"","ast-hfb-below-header-display":"","ast-hfb-mobile-header-display":"","site-post-title":"","ast-breadcrumbs-content":"","ast-featured-img":"","footer-sml-layout":"","ast-disable-related-posts":"","theme-transparent-header-meta":"default","adv-header-id-meta":"","stick-header-meta":"","header-above-stick-meta":"","header-main-stick-meta":"","header-below-stick-meta":"","astra-migrate-meta-layouts":"set","ast-page-background-enabled":"default","ast-page-background-meta":{"desktop":{"background-color":"","background-image":"","background-repeat":"repeat","background-position":"center center","background-size":"auto","background-attachment":"scroll","background-type":"","background-media":"","overlay-type":"","overlay-color":"","overlay-opacity":"","overlay-gradient":""},"tablet":{"background-color":"","background-image":"","background-repeat":"repeat","background-position":"center center","background-size":"auto","background-attachment":"scroll","background-type":"","background-media":"","overlay-type":"","overlay-color":"","overlay-opacity":"","overlay-gradient":""},"mobile":{"background-color":"","background-image":"","background-repeat":"repeat","background-position":"center center","background-size":"auto","background-attachment":"scroll","background-type":"","background-media":"","overlay-type":"","overlay-color":"","overlay-opacity":"","overlay-gradient":""}},"ast-content-background-meta":{"desktop":{"background-color":"var(--ast-global-color-5)","background-image":"","background-repeat":"repeat","background-position":"center center","background-size":"auto","background-attachment":"scroll","background-type":"","background-media":"","overlay-type":"","overlay-color":"","overlay-opacity":"","overlay-gradient":""},"tablet":{"background-color":"var(--ast-global-color-5)","background-image":"","background-repeat":"repeat","background-position":"center center","background-size":"auto","background-attachment":"scroll","background-type":"","background-media":"","overlay-type":"","overlay-color":"","overlay-opacity":"","overlay-gradient":""},"mobile":{"background-color":"var(--ast-global-color-5)","background-image":"","background-repeat":"repeat","background-position":"center center","background-size":"auto","background-attachment":"scroll","background-type":"","background-media":"","overlay-type":"","overlay-color":"","overlay-opacity":"","overlay-gradient":""}},"footnotes":""},"categories":[],"tags":[],"class_list":["post-2336","post","type-post","status-publish","format-standard","has-post-thumbnail","hentry"],"acf":[],"yoast_head":"<!-- This site is optimized with the Yoast SEO plugin v27.4 - https:\/\/yoast.com\/product\/yoast-seo-wordpress\/ -->\n<title>Herausforderung Klimawandel - Thomas Huebl<\/title>\n<meta name=\"robots\" content=\"index, follow, max-snippet:-1, max-image-preview:large, max-video-preview:-1\" \/>\n<link rel=\"canonical\" href=\"https:\/\/thomashuebl.com\/de\/herausforderung-klimawandel\/\" \/>\n<meta property=\"og:locale\" content=\"de_DE\" \/>\n<meta property=\"og:type\" content=\"article\" \/>\n<meta property=\"og:title\" content=\"Herausforderung Klimawandel - Thomas Huebl\" \/>\n<meta property=\"og:description\" content=\"In diesem Interview mit Brian Weinberg spricht Thomas H\u00fcbl \u00fcber den Klimawandel. Aus seiner Sicht ist dieser ein Zeichen daf\u00fcr, dass wir nicht mehr angebunden leben. Und gleichzeitig ist das auch eine Einladung, eine h\u00f6here Perspektive einzunehmen Deutsche Untertitel einschalten: auf den Play-Button klicken. Im Men\u00fc unten rechts den Button \u201eCC\u201c anklicken. Hier ist ein [&hellip;]\" \/>\n<meta property=\"og:url\" content=\"https:\/\/thomashuebl.com\/de\/herausforderung-klimawandel\/\" \/>\n<meta property=\"og:site_name\" content=\"Thomas Huebl\" \/>\n<meta property=\"article:publisher\" content=\"https:\/\/www.facebook.com\/Thomas.Huebl.Sangha\/\" \/>\n<meta property=\"article:published_time\" content=\"2018-03-28T11:42:25+00:00\" \/>\n<meta property=\"article:modified_time\" content=\"2023-08-22T14:35:56+00:00\" \/>\n<meta property=\"og:image\" content=\"https:\/\/thomashuebl.com\/wp-content\/uploads\/2018\/03\/climate-change-challenge-blog-thomas-huebl.jpg\" \/>\n\t<meta property=\"og:image:width\" content=\"640\" \/>\n\t<meta property=\"og:image:height\" content=\"380\" \/>\n\t<meta property=\"og:image:type\" content=\"image\/jpeg\" \/>\n<meta name=\"author\" content=\"Stacey Marvel\" \/>\n<meta name=\"twitter:card\" content=\"summary_large_image\" \/>\n<meta name=\"twitter:creator\" content=\"@thomasHuebl\" \/>\n<meta name=\"twitter:site\" content=\"@thomasHuebl\" \/>\n<meta name=\"twitter:label1\" content=\"Verfasst von\" \/>\n\t<meta name=\"twitter:data1\" content=\"Stacey Marvel\" \/>\n\t<meta name=\"twitter:label2\" content=\"Gesch\u00e4tzte Lesezeit\" \/>\n\t<meta name=\"twitter:data2\" content=\"3 Minuten\" \/>\n<script type=\"application\/ld+json\" class=\"yoast-schema-graph\">{\"@context\":\"https:\\\/\\\/schema.org\",\"@graph\":[{\"@type\":\"Article\",\"@id\":\"https:\\\/\\\/thomashuebl.com\\\/de\\\/herausforderung-klimawandel\\\/#article\",\"isPartOf\":{\"@id\":\"https:\\\/\\\/thomashuebl.com\\\/de\\\/herausforderung-klimawandel\\\/\"},\"author\":{\"name\":\"Stacey Marvel\",\"@id\":\"https:\\\/\\\/thomashuebl.com\\\/de\\\/#\\\/schema\\\/person\\\/0f4a84bba2f628cfada6d182a072720d\"},\"headline\":\"Herausforderung Klimawandel\",\"datePublished\":\"2018-03-28T11:42:25+00:00\",\"dateModified\":\"2023-08-22T14:35:56+00:00\",\"mainEntityOfPage\":{\"@id\":\"https:\\\/\\\/thomashuebl.com\\\/de\\\/herausforderung-klimawandel\\\/\"},\"wordCount\":558,\"publisher\":{\"@id\":\"https:\\\/\\\/thomashuebl.com\\\/de\\\/#organization\"},\"image\":{\"@id\":\"https:\\\/\\\/thomashuebl.com\\\/de\\\/herausforderung-klimawandel\\\/#primaryimage\"},\"thumbnailUrl\":\"https:\\\/\\\/thomashuebl.com\\\/wp-content\\\/uploads\\\/2018\\\/03\\\/climate-change-challenge-blog-thomas-huebl.jpg\",\"inLanguage\":\"de-DE\"},{\"@type\":\"WebPage\",\"@id\":\"https:\\\/\\\/thomashuebl.com\\\/de\\\/herausforderung-klimawandel\\\/\",\"url\":\"https:\\\/\\\/thomashuebl.com\\\/de\\\/herausforderung-klimawandel\\\/\",\"name\":\"Herausforderung Klimawandel - Thomas Huebl\",\"isPartOf\":{\"@id\":\"https:\\\/\\\/thomashuebl.com\\\/de\\\/#website\"},\"primaryImageOfPage\":{\"@id\":\"https:\\\/\\\/thomashuebl.com\\\/de\\\/herausforderung-klimawandel\\\/#primaryimage\"},\"image\":{\"@id\":\"https:\\\/\\\/thomashuebl.com\\\/de\\\/herausforderung-klimawandel\\\/#primaryimage\"},\"thumbnailUrl\":\"https:\\\/\\\/thomashuebl.com\\\/wp-content\\\/uploads\\\/2018\\\/03\\\/climate-change-challenge-blog-thomas-huebl.jpg\",\"datePublished\":\"2018-03-28T11:42:25+00:00\",\"dateModified\":\"2023-08-22T14:35:56+00:00\",\"breadcrumb\":{\"@id\":\"https:\\\/\\\/thomashuebl.com\\\/de\\\/herausforderung-klimawandel\\\/#breadcrumb\"},\"inLanguage\":\"de-DE\",\"potentialAction\":[{\"@type\":\"ReadAction\",\"target\":[\"https:\\\/\\\/thomashuebl.com\\\/de\\\/herausforderung-klimawandel\\\/\"]}]},{\"@type\":\"ImageObject\",\"inLanguage\":\"de-DE\",\"@id\":\"https:\\\/\\\/thomashuebl.com\\\/de\\\/herausforderung-klimawandel\\\/#primaryimage\",\"url\":\"https:\\\/\\\/thomashuebl.com\\\/wp-content\\\/uploads\\\/2018\\\/03\\\/climate-change-challenge-blog-thomas-huebl.jpg\",\"contentUrl\":\"https:\\\/\\\/thomashuebl.com\\\/wp-content\\\/uploads\\\/2018\\\/03\\\/climate-change-challenge-blog-thomas-huebl.jpg\",\"width\":640,\"height\":380},{\"@type\":\"BreadcrumbList\",\"@id\":\"https:\\\/\\\/thomashuebl.com\\\/de\\\/herausforderung-klimawandel\\\/#breadcrumb\",\"itemListElement\":[{\"@type\":\"ListItem\",\"position\":1,\"name\":\"Home\",\"item\":\"https:\\\/\\\/thomashuebl.com\\\/de\\\/\"},{\"@type\":\"ListItem\",\"position\":2,\"name\":\"Herausforderung Klimawandel\"}]},{\"@type\":\"WebSite\",\"@id\":\"https:\\\/\\\/thomashuebl.com\\\/de\\\/#website\",\"url\":\"https:\\\/\\\/thomashuebl.com\\\/de\\\/\",\"name\":\"Thomas Huebl\",\"description\":\"\",\"publisher\":{\"@id\":\"https:\\\/\\\/thomashuebl.com\\\/de\\\/#organization\"},\"potentialAction\":[{\"@type\":\"SearchAction\",\"target\":{\"@type\":\"EntryPoint\",\"urlTemplate\":\"https:\\\/\\\/thomashuebl.com\\\/de\\\/?s={search_term_string}\"},\"query-input\":{\"@type\":\"PropertyValueSpecification\",\"valueRequired\":true,\"valueName\":\"search_term_string\"}}],\"inLanguage\":\"de-DE\"},{\"@type\":\"Organization\",\"@id\":\"https:\\\/\\\/thomashuebl.com\\\/de\\\/#organization\",\"name\":\"Thomas Huebl\",\"url\":\"https:\\\/\\\/thomashuebl.com\\\/de\\\/\",\"logo\":{\"@type\":\"ImageObject\",\"inLanguage\":\"de-DE\",\"@id\":\"https:\\\/\\\/thomashuebl.com\\\/de\\\/#\\\/schema\\\/logo\\\/image\\\/\",\"url\":\"https:\\\/\\\/thomashuebl.com\\\/wp-content\\\/uploads\\\/2023\\\/08\\\/thomashueblpl_03-1.jpg\",\"contentUrl\":\"https:\\\/\\\/thomashuebl.com\\\/wp-content\\\/uploads\\\/2023\\\/08\\\/thomashueblpl_03-1.jpg\",\"width\":1200,\"height\":630,\"caption\":\"Thomas Huebl\"},\"image\":{\"@id\":\"https:\\\/\\\/thomashuebl.com\\\/de\\\/#\\\/schema\\\/logo\\\/image\\\/\"},\"sameAs\":[\"https:\\\/\\\/www.facebook.com\\\/Thomas.Huebl.Sangha\\\/\",\"https:\\\/\\\/x.com\\\/thomasHuebl\",\"https:\\\/\\\/www.youtube.com\\\/user\\\/thomashuebl\",\"https:\\\/\\\/www.instagram.com\\\/thomashuebl\\\/\"]},{\"@type\":\"Person\",\"@id\":\"https:\\\/\\\/thomashuebl.com\\\/de\\\/#\\\/schema\\\/person\\\/0f4a84bba2f628cfada6d182a072720d\",\"name\":\"Stacey Marvel\",\"image\":{\"@type\":\"ImageObject\",\"inLanguage\":\"de-DE\",\"@id\":\"https:\\\/\\\/secure.gravatar.com\\\/avatar\\\/fec4cfa4c8e0857a285f58e4e9b2b907bc38900434bb5a29eda90d57dab8ee65?s=96&d=mm&r=g\",\"url\":\"https:\\\/\\\/secure.gravatar.com\\\/avatar\\\/fec4cfa4c8e0857a285f58e4e9b2b907bc38900434bb5a29eda90d57dab8ee65?s=96&d=mm&r=g\",\"contentUrl\":\"https:\\\/\\\/secure.gravatar.com\\\/avatar\\\/fec4cfa4c8e0857a285f58e4e9b2b907bc38900434bb5a29eda90d57dab8ee65?s=96&d=mm&r=g\",\"caption\":\"Stacey Marvel\"},\"url\":\"https:\\\/\\\/thomashuebl.com\\\/de\\\/author\\\/stacey\\\/\"}]}<\/script>\n<!-- \/ Yoast SEO plugin. -->","yoast_head_json":{"title":"Herausforderung Klimawandel - Thomas Huebl","robots":{"index":"index","follow":"follow","max-snippet":"max-snippet:-1","max-image-preview":"max-image-preview:large","max-video-preview":"max-video-preview:-1"},"canonical":"https:\/\/thomashuebl.com\/de\/herausforderung-klimawandel\/","og_locale":"de_DE","og_type":"article","og_title":"Herausforderung Klimawandel - Thomas Huebl","og_description":"In diesem Interview mit Brian Weinberg spricht Thomas H\u00fcbl \u00fcber den Klimawandel. Aus seiner Sicht ist dieser ein Zeichen daf\u00fcr, dass wir nicht mehr angebunden leben. Und gleichzeitig ist das auch eine Einladung, eine h\u00f6here Perspektive einzunehmen Deutsche Untertitel einschalten: auf den Play-Button klicken. Im Men\u00fc unten rechts den Button \u201eCC\u201c anklicken. Hier ist ein [&hellip;]","og_url":"https:\/\/thomashuebl.com\/de\/herausforderung-klimawandel\/","og_site_name":"Thomas Huebl","article_publisher":"https:\/\/www.facebook.com\/Thomas.Huebl.Sangha\/","article_published_time":"2018-03-28T11:42:25+00:00","article_modified_time":"2023-08-22T14:35:56+00:00","og_image":[{"width":640,"height":380,"url":"https:\/\/thomashuebl.com\/wp-content\/uploads\/2018\/03\/climate-change-challenge-blog-thomas-huebl.jpg","type":"image\/jpeg"}],"author":"Stacey Marvel","twitter_card":"summary_large_image","twitter_creator":"@thomasHuebl","twitter_site":"@thomasHuebl","twitter_misc":{"Verfasst von":"Stacey Marvel","Gesch\u00e4tzte Lesezeit":"3 Minuten"},"schema":{"@context":"https:\/\/schema.org","@graph":[{"@type":"Article","@id":"https:\/\/thomashuebl.com\/de\/herausforderung-klimawandel\/#article","isPartOf":{"@id":"https:\/\/thomashuebl.com\/de\/herausforderung-klimawandel\/"},"author":{"name":"Stacey Marvel","@id":"https:\/\/thomashuebl.com\/de\/#\/schema\/person\/0f4a84bba2f628cfada6d182a072720d"},"headline":"Herausforderung Klimawandel","datePublished":"2018-03-28T11:42:25+00:00","dateModified":"2023-08-22T14:35:56+00:00","mainEntityOfPage":{"@id":"https:\/\/thomashuebl.com\/de\/herausforderung-klimawandel\/"},"wordCount":558,"publisher":{"@id":"https:\/\/thomashuebl.com\/de\/#organization"},"image":{"@id":"https:\/\/thomashuebl.com\/de\/herausforderung-klimawandel\/#primaryimage"},"thumbnailUrl":"https:\/\/thomashuebl.com\/wp-content\/uploads\/2018\/03\/climate-change-challenge-blog-thomas-huebl.jpg","inLanguage":"de-DE"},{"@type":"WebPage","@id":"https:\/\/thomashuebl.com\/de\/herausforderung-klimawandel\/","url":"https:\/\/thomashuebl.com\/de\/herausforderung-klimawandel\/","name":"Herausforderung Klimawandel - Thomas Huebl","isPartOf":{"@id":"https:\/\/thomashuebl.com\/de\/#website"},"primaryImageOfPage":{"@id":"https:\/\/thomashuebl.com\/de\/herausforderung-klimawandel\/#primaryimage"},"image":{"@id":"https:\/\/thomashuebl.com\/de\/herausforderung-klimawandel\/#primaryimage"},"thumbnailUrl":"https:\/\/thomashuebl.com\/wp-content\/uploads\/2018\/03\/climate-change-challenge-blog-thomas-huebl.jpg","datePublished":"2018-03-28T11:42:25+00:00","dateModified":"2023-08-22T14:35:56+00:00","breadcrumb":{"@id":"https:\/\/thomashuebl.com\/de\/herausforderung-klimawandel\/#breadcrumb"},"inLanguage":"de-DE","potentialAction":[{"@type":"ReadAction","target":["https:\/\/thomashuebl.com\/de\/herausforderung-klimawandel\/"]}]},{"@type":"ImageObject","inLanguage":"de-DE","@id":"https:\/\/thomashuebl.com\/de\/herausforderung-klimawandel\/#primaryimage","url":"https:\/\/thomashuebl.com\/wp-content\/uploads\/2018\/03\/climate-change-challenge-blog-thomas-huebl.jpg","contentUrl":"https:\/\/thomashuebl.com\/wp-content\/uploads\/2018\/03\/climate-change-challenge-blog-thomas-huebl.jpg","width":640,"height":380},{"@type":"BreadcrumbList","@id":"https:\/\/thomashuebl.com\/de\/herausforderung-klimawandel\/#breadcrumb","itemListElement":[{"@type":"ListItem","position":1,"name":"Home","item":"https:\/\/thomashuebl.com\/de\/"},{"@type":"ListItem","position":2,"name":"Herausforderung Klimawandel"}]},{"@type":"WebSite","@id":"https:\/\/thomashuebl.com\/de\/#website","url":"https:\/\/thomashuebl.com\/de\/","name":"Thomas Huebl","description":"","publisher":{"@id":"https:\/\/thomashuebl.com\/de\/#organization"},"potentialAction":[{"@type":"SearchAction","target":{"@type":"EntryPoint","urlTemplate":"https:\/\/thomashuebl.com\/de\/?s={search_term_string}"},"query-input":{"@type":"PropertyValueSpecification","valueRequired":true,"valueName":"search_term_string"}}],"inLanguage":"de-DE"},{"@type":"Organization","@id":"https:\/\/thomashuebl.com\/de\/#organization","name":"Thomas Huebl","url":"https:\/\/thomashuebl.com\/de\/","logo":{"@type":"ImageObject","inLanguage":"de-DE","@id":"https:\/\/thomashuebl.com\/de\/#\/schema\/logo\/image\/","url":"https:\/\/thomashuebl.com\/wp-content\/uploads\/2023\/08\/thomashueblpl_03-1.jpg","contentUrl":"https:\/\/thomashuebl.com\/wp-content\/uploads\/2023\/08\/thomashueblpl_03-1.jpg","width":1200,"height":630,"caption":"Thomas Huebl"},"image":{"@id":"https:\/\/thomashuebl.com\/de\/#\/schema\/logo\/image\/"},"sameAs":["https:\/\/www.facebook.com\/Thomas.Huebl.Sangha\/","https:\/\/x.com\/thomasHuebl","https:\/\/www.youtube.com\/user\/thomashuebl","https:\/\/www.instagram.com\/thomashuebl\/"]},{"@type":"Person","@id":"https:\/\/thomashuebl.com\/de\/#\/schema\/person\/0f4a84bba2f628cfada6d182a072720d","name":"Stacey Marvel","image":{"@type":"ImageObject","inLanguage":"de-DE","@id":"https:\/\/secure.gravatar.com\/avatar\/fec4cfa4c8e0857a285f58e4e9b2b907bc38900434bb5a29eda90d57dab8ee65?s=96&d=mm&r=g","url":"https:\/\/secure.gravatar.com\/avatar\/fec4cfa4c8e0857a285f58e4e9b2b907bc38900434bb5a29eda90d57dab8ee65?s=96&d=mm&r=g","contentUrl":"https:\/\/secure.gravatar.com\/avatar\/fec4cfa4c8e0857a285f58e4e9b2b907bc38900434bb5a29eda90d57dab8ee65?s=96&d=mm&r=g","caption":"Stacey Marvel"},"url":"https:\/\/thomashuebl.com\/de\/author\/stacey\/"}]}},"_links":{"self":[{"href":"https:\/\/thomashuebl.com\/de\/wp-json\/wp\/v2\/posts\/2336","targetHints":{"allow":["GET"]}}],"collection":[{"href":"https:\/\/thomashuebl.com\/de\/wp-json\/wp\/v2\/posts"}],"about":[{"href":"https:\/\/thomashuebl.com\/de\/wp-json\/wp\/v2\/types\/post"}],"author":[{"embeddable":true,"href":"https:\/\/thomashuebl.com\/de\/wp-json\/wp\/v2\/users\/4"}],"replies":[{"embeddable":true,"href":"https:\/\/thomashuebl.com\/de\/wp-json\/wp\/v2\/comments?post=2336"}],"version-history":[{"count":0,"href":"https:\/\/thomashuebl.com\/de\/wp-json\/wp\/v2\/posts\/2336\/revisions"}],"wp:featuredmedia":[{"embeddable":true,"href":"https:\/\/thomashuebl.com\/de\/wp-json\/wp\/v2\/media\/2912"}],"wp:attachment":[{"href":"https:\/\/thomashuebl.com\/de\/wp-json\/wp\/v2\/media?parent=2336"}],"wp:term":[{"taxonomy":"category","embeddable":true,"href":"https:\/\/thomashuebl.com\/de\/wp-json\/wp\/v2\/categories?post=2336"},{"taxonomy":"post_tag","embeddable":true,"href":"https:\/\/thomashuebl.com\/de\/wp-json\/wp\/v2\/tags?post=2336"}],"curies":[{"name":"wp","href":"https:\/\/api.w.org\/{rel}","templated":true}]}}