{"id":2335,"date":"2018-11-12T23:19:25","date_gmt":"2018-11-13T07:19:25","guid":{"rendered":"https:\/\/thomashuebl.com\/?p=2335"},"modified":"2023-08-22T07:32:58","modified_gmt":"2023-08-22T14:32:58","slug":"das-technologie-trauma-tedx-talk-von-thomas-huebl","status":"publish","type":"post","link":"https:\/\/thomashuebl.com\/de\/das-technologie-trauma-tedx-talk-von-thomas-huebl\/","title":{"rendered":"Das Technologie-Trauma \u2013 TEDx talk von Thomas H\u00fcbl"},"content":{"rendered":"<p>Thomas war eingeladen, bei der TEDx Marin-Veranstaltung am 15. September 2018 zu sprechen. In seinem Vortrag ging es darum, welche Rolle\u00a0<strong>Technologien<\/strong>\u00a0f\u00fcr unser Kultur-Trauma spielen, und welchen psychologischen und physiologischen Preis wir f\u00fcr unsere Abh\u00e4ngigkeiten von Technik und Technologien zahlen. Der Vortrag ist auf\u00a0<strong>Englisch<\/strong>.<\/p>\n<p>&nbsp;<\/p>\n<p><iframe src=\"https:\/\/www.youtube.com\/embed\/slHhmQvKIFY\" width=\"560\" height=\"315\" frameborder=\"0\" allowfullscreen=\"allowfullscreen\" data-mce-fragment=\"1\"><\/iframe><\/p>\n","protected":false},"excerpt":{"rendered":"<p>Thomas war eingeladen, bei der TEDx Marin-Veranstaltung am 15. September 2018 zu sprechen. In seinem Vortrag ging es darum, welche Rolle\u00a0Technologien\u00a0f\u00fcr unser Kultur-Trauma spielen, und welchen psychologischen und physiologischen Preis wir f\u00fcr unsere Abh\u00e4ngigkeiten von Technik und Technologien zahlen. Der Vortrag ist auf\u00a0Englisch. &nbsp;<\/p>\n","protected":false},"author":4,"featured_media":2909,"comment_status":"closed","ping_status":"closed","sticky":false,"template":"","format":"standard","meta":{"_acf_changed":false,"site-sidebar-layout":"default","site-content-layout":"default","ast-site-content-layout":"default","site-content-style":"default","site-sidebar-style":"default","ast-global-header-display":"","ast-banner-title-visibility":"","ast-main-header-display":"","ast-hfb-above-header-display":"","ast-hfb-below-header-display":"","ast-hfb-mobile-header-display":"","site-post-title":"","ast-breadcrumbs-content":"","ast-featured-img":"","footer-sml-layout":"","ast-disable-related-posts":"","theme-transparent-header-meta":"default","adv-header-id-meta":"","stick-header-meta":"","header-above-stick-meta":"","header-main-stick-meta":"","header-below-stick-meta":"","astra-migrate-meta-layouts":"set","ast-page-background-enabled":"default","ast-page-background-meta":{"desktop":{"background-color":"","background-image":"","background-repeat":"repeat","background-position":"center center","background-size":"auto","background-attachment":"scroll","background-type":"","background-media":"","overlay-type":"","overlay-color":"","overlay-opacity":"","overlay-gradient":""},"tablet":{"background-color":"","background-image":"","background-repeat":"repeat","background-position":"center center","background-size":"auto","background-attachment":"scroll","background-type":"","background-media":"","overlay-type":"","overlay-color":"","overlay-opacity":"","overlay-gradient":""},"mobile":{"background-color":"","background-image":"","background-repeat":"repeat","background-position":"center center","background-size":"auto","background-attachment":"scroll","background-type":"","background-media":"","overlay-type":"","overlay-color":"","overlay-opacity":"","overlay-gradient":""}},"ast-content-background-meta":{"desktop":{"background-color":"var(--ast-global-color-5)","background-image":"","background-repeat":"repeat","background-position":"center center","background-size":"auto","background-attachment":"scroll","background-type":"","background-media":"","overlay-type":"","overlay-color":"","overlay-opacity":"","overlay-gradient":""},"tablet":{"background-color":"var(--ast-global-color-5)","background-image":"","background-repeat":"repeat","background-position":"center center","background-size":"auto","background-attachment":"scroll","background-type":"","background-media":"","overlay-type":"","overlay-color":"","overlay-opacity":"","overlay-gradient":""},"mobile":{"background-color":"var(--ast-global-color-5)","background-image":"","background-repeat":"repeat","background-position":"center center","background-size":"auto","background-attachment":"scroll","background-type":"","background-media":"","overlay-type":"","overlay-color":"","overlay-opacity":"","overlay-gradient":""}},"footnotes":""},"categories":[],"tags":[155],"class_list":["post-2335","post","type-post","status-publish","format-standard","has-post-thumbnail","hentry","tag-tedx-de"],"acf":[],"yoast_head":"<!-- This site is optimized with the Yoast SEO plugin v27.4 - https:\/\/yoast.com\/product\/yoast-seo-wordpress\/ -->\n<title>Das Technologie-Trauma \u2013 TEDx talk von Thomas H\u00fcbl - Thomas Huebl<\/title>\n<meta name=\"robots\" content=\"index, follow, max-snippet:-1, max-image-preview:large, max-video-preview:-1\" \/>\n<link rel=\"canonical\" href=\"https:\/\/thomashuebl.com\/de\/das-technologie-trauma-tedx-talk-von-thomas-huebl\/\" \/>\n<meta property=\"og:locale\" content=\"de_DE\" \/>\n<meta property=\"og:type\" content=\"article\" \/>\n<meta property=\"og:title\" content=\"Das Technologie-Trauma \u2013 TEDx talk von Thomas H\u00fcbl - Thomas Huebl\" \/>\n<meta property=\"og:description\" content=\"Thomas war eingeladen, bei der TEDx Marin-Veranstaltung am 15. September 2018 zu sprechen. In seinem Vortrag ging es darum, welche Rolle\u00a0Technologien\u00a0f\u00fcr unser Kultur-Trauma spielen, und welchen psychologischen und physiologischen Preis wir f\u00fcr unsere Abh\u00e4ngigkeiten von Technik und Technologien zahlen. Der Vortrag ist auf\u00a0Englisch. &nbsp;\" \/>\n<meta property=\"og:url\" content=\"https:\/\/thomashuebl.com\/de\/das-technologie-trauma-tedx-talk-von-thomas-huebl\/\" \/>\n<meta property=\"og:site_name\" content=\"Thomas Huebl\" \/>\n<meta property=\"article:publisher\" content=\"https:\/\/www.facebook.com\/Thomas.Huebl.Sangha\/\" \/>\n<meta property=\"article:published_time\" content=\"2018-11-13T07:19:25+00:00\" \/>\n<meta property=\"article:modified_time\" content=\"2023-08-22T14:32:58+00:00\" \/>\n<meta property=\"og:image\" content=\"https:\/\/thomashuebl.com\/wp-content\/uploads\/2018\/11\/TEDx-talk-blog-thomas-huebl.jpg\" \/>\n\t<meta property=\"og:image:width\" content=\"640\" \/>\n\t<meta property=\"og:image:height\" content=\"380\" \/>\n\t<meta property=\"og:image:type\" content=\"image\/jpeg\" \/>\n<meta name=\"author\" content=\"Stacey Marvel\" \/>\n<meta name=\"twitter:card\" content=\"summary_large_image\" \/>\n<meta name=\"twitter:creator\" content=\"@thomasHuebl\" \/>\n<meta name=\"twitter:site\" content=\"@thomasHuebl\" \/>\n<meta name=\"twitter:label1\" content=\"Verfasst von\" \/>\n\t<meta name=\"twitter:data1\" content=\"Stacey Marvel\" \/>\n\t<meta name=\"twitter:label2\" content=\"Gesch\u00e4tzte Lesezeit\" \/>\n\t<meta name=\"twitter:data2\" content=\"1 Minute\" \/>\n<script type=\"application\/ld+json\" class=\"yoast-schema-graph\">{\"@context\":\"https:\\\/\\\/schema.org\",\"@graph\":[{\"@type\":\"Article\",\"@id\":\"https:\\\/\\\/thomashuebl.com\\\/de\\\/das-technologie-trauma-tedx-talk-von-thomas-huebl\\\/#article\",\"isPartOf\":{\"@id\":\"https:\\\/\\\/thomashuebl.com\\\/de\\\/das-technologie-trauma-tedx-talk-von-thomas-huebl\\\/\"},\"author\":{\"name\":\"Stacey Marvel\",\"@id\":\"https:\\\/\\\/thomashuebl.com\\\/de\\\/#\\\/schema\\\/person\\\/0f4a84bba2f628cfada6d182a072720d\"},\"headline\":\"Das Technologie-Trauma \u2013 TEDx talk von Thomas H\u00fcbl\",\"datePublished\":\"2018-11-13T07:19:25+00:00\",\"dateModified\":\"2023-08-22T14:32:58+00:00\",\"mainEntityOfPage\":{\"@id\":\"https:\\\/\\\/thomashuebl.com\\\/de\\\/das-technologie-trauma-tedx-talk-von-thomas-huebl\\\/\"},\"wordCount\":56,\"publisher\":{\"@id\":\"https:\\\/\\\/thomashuebl.com\\\/de\\\/#organization\"},\"image\":{\"@id\":\"https:\\\/\\\/thomashuebl.com\\\/de\\\/das-technologie-trauma-tedx-talk-von-thomas-huebl\\\/#primaryimage\"},\"thumbnailUrl\":\"https:\\\/\\\/thomashuebl.com\\\/wp-content\\\/uploads\\\/2018\\\/11\\\/TEDx-talk-blog-thomas-huebl.jpg\",\"keywords\":[\"TEDx\"],\"inLanguage\":\"de-DE\"},{\"@type\":\"WebPage\",\"@id\":\"https:\\\/\\\/thomashuebl.com\\\/de\\\/das-technologie-trauma-tedx-talk-von-thomas-huebl\\\/\",\"url\":\"https:\\\/\\\/thomashuebl.com\\\/de\\\/das-technologie-trauma-tedx-talk-von-thomas-huebl\\\/\",\"name\":\"Das Technologie-Trauma \u2013 TEDx talk von Thomas H\u00fcbl - Thomas Huebl\",\"isPartOf\":{\"@id\":\"https:\\\/\\\/thomashuebl.com\\\/de\\\/#website\"},\"primaryImageOfPage\":{\"@id\":\"https:\\\/\\\/thomashuebl.com\\\/de\\\/das-technologie-trauma-tedx-talk-von-thomas-huebl\\\/#primaryimage\"},\"image\":{\"@id\":\"https:\\\/\\\/thomashuebl.com\\\/de\\\/das-technologie-trauma-tedx-talk-von-thomas-huebl\\\/#primaryimage\"},\"thumbnailUrl\":\"https:\\\/\\\/thomashuebl.com\\\/wp-content\\\/uploads\\\/2018\\\/11\\\/TEDx-talk-blog-thomas-huebl.jpg\",\"datePublished\":\"2018-11-13T07:19:25+00:00\",\"dateModified\":\"2023-08-22T14:32:58+00:00\",\"breadcrumb\":{\"@id\":\"https:\\\/\\\/thomashuebl.com\\\/de\\\/das-technologie-trauma-tedx-talk-von-thomas-huebl\\\/#breadcrumb\"},\"inLanguage\":\"de-DE\",\"potentialAction\":[{\"@type\":\"ReadAction\",\"target\":[\"https:\\\/\\\/thomashuebl.com\\\/de\\\/das-technologie-trauma-tedx-talk-von-thomas-huebl\\\/\"]}]},{\"@type\":\"ImageObject\",\"inLanguage\":\"de-DE\",\"@id\":\"https:\\\/\\\/thomashuebl.com\\\/de\\\/das-technologie-trauma-tedx-talk-von-thomas-huebl\\\/#primaryimage\",\"url\":\"https:\\\/\\\/thomashuebl.com\\\/wp-content\\\/uploads\\\/2018\\\/11\\\/TEDx-talk-blog-thomas-huebl.jpg\",\"contentUrl\":\"https:\\\/\\\/thomashuebl.com\\\/wp-content\\\/uploads\\\/2018\\\/11\\\/TEDx-talk-blog-thomas-huebl.jpg\",\"width\":640,\"height\":380},{\"@type\":\"BreadcrumbList\",\"@id\":\"https:\\\/\\\/thomashuebl.com\\\/de\\\/das-technologie-trauma-tedx-talk-von-thomas-huebl\\\/#breadcrumb\",\"itemListElement\":[{\"@type\":\"ListItem\",\"position\":1,\"name\":\"Home\",\"item\":\"https:\\\/\\\/thomashuebl.com\\\/de\\\/\"},{\"@type\":\"ListItem\",\"position\":2,\"name\":\"Das Technologie-Trauma \u2013 TEDx talk von Thomas H\u00fcbl\"}]},{\"@type\":\"WebSite\",\"@id\":\"https:\\\/\\\/thomashuebl.com\\\/de\\\/#website\",\"url\":\"https:\\\/\\\/thomashuebl.com\\\/de\\\/\",\"name\":\"Thomas Huebl\",\"description\":\"\",\"publisher\":{\"@id\":\"https:\\\/\\\/thomashuebl.com\\\/de\\\/#organization\"},\"potentialAction\":[{\"@type\":\"SearchAction\",\"target\":{\"@type\":\"EntryPoint\",\"urlTemplate\":\"https:\\\/\\\/thomashuebl.com\\\/de\\\/?s={search_term_string}\"},\"query-input\":{\"@type\":\"PropertyValueSpecification\",\"valueRequired\":true,\"valueName\":\"search_term_string\"}}],\"inLanguage\":\"de-DE\"},{\"@type\":\"Organization\",\"@id\":\"https:\\\/\\\/thomashuebl.com\\\/de\\\/#organization\",\"name\":\"Thomas Huebl\",\"url\":\"https:\\\/\\\/thomashuebl.com\\\/de\\\/\",\"logo\":{\"@type\":\"ImageObject\",\"inLanguage\":\"de-DE\",\"@id\":\"https:\\\/\\\/thomashuebl.com\\\/de\\\/#\\\/schema\\\/logo\\\/image\\\/\",\"url\":\"https:\\\/\\\/thomashuebl.com\\\/wp-content\\\/uploads\\\/2023\\\/08\\\/thomashueblpl_03-1.jpg\",\"contentUrl\":\"https:\\\/\\\/thomashuebl.com\\\/wp-content\\\/uploads\\\/2023\\\/08\\\/thomashueblpl_03-1.jpg\",\"width\":1200,\"height\":630,\"caption\":\"Thomas Huebl\"},\"image\":{\"@id\":\"https:\\\/\\\/thomashuebl.com\\\/de\\\/#\\\/schema\\\/logo\\\/image\\\/\"},\"sameAs\":[\"https:\\\/\\\/www.facebook.com\\\/Thomas.Huebl.Sangha\\\/\",\"https:\\\/\\\/x.com\\\/thomasHuebl\",\"https:\\\/\\\/www.youtube.com\\\/user\\\/thomashuebl\",\"https:\\\/\\\/www.instagram.com\\\/thomashuebl\\\/\"]},{\"@type\":\"Person\",\"@id\":\"https:\\\/\\\/thomashuebl.com\\\/de\\\/#\\\/schema\\\/person\\\/0f4a84bba2f628cfada6d182a072720d\",\"name\":\"Stacey Marvel\",\"image\":{\"@type\":\"ImageObject\",\"inLanguage\":\"de-DE\",\"@id\":\"https:\\\/\\\/secure.gravatar.com\\\/avatar\\\/fec4cfa4c8e0857a285f58e4e9b2b907bc38900434bb5a29eda90d57dab8ee65?s=96&d=mm&r=g\",\"url\":\"https:\\\/\\\/secure.gravatar.com\\\/avatar\\\/fec4cfa4c8e0857a285f58e4e9b2b907bc38900434bb5a29eda90d57dab8ee65?s=96&d=mm&r=g\",\"contentUrl\":\"https:\\\/\\\/secure.gravatar.com\\\/avatar\\\/fec4cfa4c8e0857a285f58e4e9b2b907bc38900434bb5a29eda90d57dab8ee65?s=96&d=mm&r=g\",\"caption\":\"Stacey Marvel\"},\"url\":\"https:\\\/\\\/thomashuebl.com\\\/de\\\/author\\\/stacey\\\/\"}]}<\/script>\n<!-- \/ Yoast SEO plugin. -->","yoast_head_json":{"title":"Das Technologie-Trauma \u2013 TEDx talk von Thomas H\u00fcbl - Thomas Huebl","robots":{"index":"index","follow":"follow","max-snippet":"max-snippet:-1","max-image-preview":"max-image-preview:large","max-video-preview":"max-video-preview:-1"},"canonical":"https:\/\/thomashuebl.com\/de\/das-technologie-trauma-tedx-talk-von-thomas-huebl\/","og_locale":"de_DE","og_type":"article","og_title":"Das Technologie-Trauma \u2013 TEDx talk von Thomas H\u00fcbl - Thomas Huebl","og_description":"Thomas war eingeladen, bei der TEDx Marin-Veranstaltung am 15. September 2018 zu sprechen. In seinem Vortrag ging es darum, welche Rolle\u00a0Technologien\u00a0f\u00fcr unser Kultur-Trauma spielen, und welchen psychologischen und physiologischen Preis wir f\u00fcr unsere Abh\u00e4ngigkeiten von Technik und Technologien zahlen. Der Vortrag ist auf\u00a0Englisch. &nbsp;","og_url":"https:\/\/thomashuebl.com\/de\/das-technologie-trauma-tedx-talk-von-thomas-huebl\/","og_site_name":"Thomas Huebl","article_publisher":"https:\/\/www.facebook.com\/Thomas.Huebl.Sangha\/","article_published_time":"2018-11-13T07:19:25+00:00","article_modified_time":"2023-08-22T14:32:58+00:00","og_image":[{"width":640,"height":380,"url":"https:\/\/thomashuebl.com\/wp-content\/uploads\/2018\/11\/TEDx-talk-blog-thomas-huebl.jpg","type":"image\/jpeg"}],"author":"Stacey Marvel","twitter_card":"summary_large_image","twitter_creator":"@thomasHuebl","twitter_site":"@thomasHuebl","twitter_misc":{"Verfasst von":"Stacey Marvel","Gesch\u00e4tzte Lesezeit":"1 Minute"},"schema":{"@context":"https:\/\/schema.org","@graph":[{"@type":"Article","@id":"https:\/\/thomashuebl.com\/de\/das-technologie-trauma-tedx-talk-von-thomas-huebl\/#article","isPartOf":{"@id":"https:\/\/thomashuebl.com\/de\/das-technologie-trauma-tedx-talk-von-thomas-huebl\/"},"author":{"name":"Stacey Marvel","@id":"https:\/\/thomashuebl.com\/de\/#\/schema\/person\/0f4a84bba2f628cfada6d182a072720d"},"headline":"Das Technologie-Trauma \u2013 TEDx talk von Thomas H\u00fcbl","datePublished":"2018-11-13T07:19:25+00:00","dateModified":"2023-08-22T14:32:58+00:00","mainEntityOfPage":{"@id":"https:\/\/thomashuebl.com\/de\/das-technologie-trauma-tedx-talk-von-thomas-huebl\/"},"wordCount":56,"publisher":{"@id":"https:\/\/thomashuebl.com\/de\/#organization"},"image":{"@id":"https:\/\/thomashuebl.com\/de\/das-technologie-trauma-tedx-talk-von-thomas-huebl\/#primaryimage"},"thumbnailUrl":"https:\/\/thomashuebl.com\/wp-content\/uploads\/2018\/11\/TEDx-talk-blog-thomas-huebl.jpg","keywords":["TEDx"],"inLanguage":"de-DE"},{"@type":"WebPage","@id":"https:\/\/thomashuebl.com\/de\/das-technologie-trauma-tedx-talk-von-thomas-huebl\/","url":"https:\/\/thomashuebl.com\/de\/das-technologie-trauma-tedx-talk-von-thomas-huebl\/","name":"Das Technologie-Trauma \u2013 TEDx talk von Thomas H\u00fcbl - Thomas Huebl","isPartOf":{"@id":"https:\/\/thomashuebl.com\/de\/#website"},"primaryImageOfPage":{"@id":"https:\/\/thomashuebl.com\/de\/das-technologie-trauma-tedx-talk-von-thomas-huebl\/#primaryimage"},"image":{"@id":"https:\/\/thomashuebl.com\/de\/das-technologie-trauma-tedx-talk-von-thomas-huebl\/#primaryimage"},"thumbnailUrl":"https:\/\/thomashuebl.com\/wp-content\/uploads\/2018\/11\/TEDx-talk-blog-thomas-huebl.jpg","datePublished":"2018-11-13T07:19:25+00:00","dateModified":"2023-08-22T14:32:58+00:00","breadcrumb":{"@id":"https:\/\/thomashuebl.com\/de\/das-technologie-trauma-tedx-talk-von-thomas-huebl\/#breadcrumb"},"inLanguage":"de-DE","potentialAction":[{"@type":"ReadAction","target":["https:\/\/thomashuebl.com\/de\/das-technologie-trauma-tedx-talk-von-thomas-huebl\/"]}]},{"@type":"ImageObject","inLanguage":"de-DE","@id":"https:\/\/thomashuebl.com\/de\/das-technologie-trauma-tedx-talk-von-thomas-huebl\/#primaryimage","url":"https:\/\/thomashuebl.com\/wp-content\/uploads\/2018\/11\/TEDx-talk-blog-thomas-huebl.jpg","contentUrl":"https:\/\/thomashuebl.com\/wp-content\/uploads\/2018\/11\/TEDx-talk-blog-thomas-huebl.jpg","width":640,"height":380},{"@type":"BreadcrumbList","@id":"https:\/\/thomashuebl.com\/de\/das-technologie-trauma-tedx-talk-von-thomas-huebl\/#breadcrumb","itemListElement":[{"@type":"ListItem","position":1,"name":"Home","item":"https:\/\/thomashuebl.com\/de\/"},{"@type":"ListItem","position":2,"name":"Das Technologie-Trauma \u2013 TEDx talk von Thomas H\u00fcbl"}]},{"@type":"WebSite","@id":"https:\/\/thomashuebl.com\/de\/#website","url":"https:\/\/thomashuebl.com\/de\/","name":"Thomas Huebl","description":"","publisher":{"@id":"https:\/\/thomashuebl.com\/de\/#organization"},"potentialAction":[{"@type":"SearchAction","target":{"@type":"EntryPoint","urlTemplate":"https:\/\/thomashuebl.com\/de\/?s={search_term_string}"},"query-input":{"@type":"PropertyValueSpecification","valueRequired":true,"valueName":"search_term_string"}}],"inLanguage":"de-DE"},{"@type":"Organization","@id":"https:\/\/thomashuebl.com\/de\/#organization","name":"Thomas Huebl","url":"https:\/\/thomashuebl.com\/de\/","logo":{"@type":"ImageObject","inLanguage":"de-DE","@id":"https:\/\/thomashuebl.com\/de\/#\/schema\/logo\/image\/","url":"https:\/\/thomashuebl.com\/wp-content\/uploads\/2023\/08\/thomashueblpl_03-1.jpg","contentUrl":"https:\/\/thomashuebl.com\/wp-content\/uploads\/2023\/08\/thomashueblpl_03-1.jpg","width":1200,"height":630,"caption":"Thomas Huebl"},"image":{"@id":"https:\/\/thomashuebl.com\/de\/#\/schema\/logo\/image\/"},"sameAs":["https:\/\/www.facebook.com\/Thomas.Huebl.Sangha\/","https:\/\/x.com\/thomasHuebl","https:\/\/www.youtube.com\/user\/thomashuebl","https:\/\/www.instagram.com\/thomashuebl\/"]},{"@type":"Person","@id":"https:\/\/thomashuebl.com\/de\/#\/schema\/person\/0f4a84bba2f628cfada6d182a072720d","name":"Stacey Marvel","image":{"@type":"ImageObject","inLanguage":"de-DE","@id":"https:\/\/secure.gravatar.com\/avatar\/fec4cfa4c8e0857a285f58e4e9b2b907bc38900434bb5a29eda90d57dab8ee65?s=96&d=mm&r=g","url":"https:\/\/secure.gravatar.com\/avatar\/fec4cfa4c8e0857a285f58e4e9b2b907bc38900434bb5a29eda90d57dab8ee65?s=96&d=mm&r=g","contentUrl":"https:\/\/secure.gravatar.com\/avatar\/fec4cfa4c8e0857a285f58e4e9b2b907bc38900434bb5a29eda90d57dab8ee65?s=96&d=mm&r=g","caption":"Stacey Marvel"},"url":"https:\/\/thomashuebl.com\/de\/author\/stacey\/"}]}},"_links":{"self":[{"href":"https:\/\/thomashuebl.com\/de\/wp-json\/wp\/v2\/posts\/2335","targetHints":{"allow":["GET"]}}],"collection":[{"href":"https:\/\/thomashuebl.com\/de\/wp-json\/wp\/v2\/posts"}],"about":[{"href":"https:\/\/thomashuebl.com\/de\/wp-json\/wp\/v2\/types\/post"}],"author":[{"embeddable":true,"href":"https:\/\/thomashuebl.com\/de\/wp-json\/wp\/v2\/users\/4"}],"replies":[{"embeddable":true,"href":"https:\/\/thomashuebl.com\/de\/wp-json\/wp\/v2\/comments?post=2335"}],"version-history":[{"count":0,"href":"https:\/\/thomashuebl.com\/de\/wp-json\/wp\/v2\/posts\/2335\/revisions"}],"wp:featuredmedia":[{"embeddable":true,"href":"https:\/\/thomashuebl.com\/de\/wp-json\/wp\/v2\/media\/2909"}],"wp:attachment":[{"href":"https:\/\/thomashuebl.com\/de\/wp-json\/wp\/v2\/media?parent=2335"}],"wp:term":[{"taxonomy":"category","embeddable":true,"href":"https:\/\/thomashuebl.com\/de\/wp-json\/wp\/v2\/categories?post=2335"},{"taxonomy":"post_tag","embeddable":true,"href":"https:\/\/thomashuebl.com\/de\/wp-json\/wp\/v2\/tags?post=2335"}],"curies":[{"name":"wp","href":"https:\/\/api.w.org\/{rel}","templated":true}]}}