{"id":1939,"date":"2022-06-03T09:43:19","date_gmt":"2022-06-03T16:43:19","guid":{"rendered":"https:\/\/thomashuebl.com\/?p=1939"},"modified":"2023-07-26T07:25:27","modified_gmt":"2023-07-26T14:25:27","slug":"wie-wir-zu-einer-traumainformierten-gesellschaft-werden-koennen","status":"publish","type":"post","link":"https:\/\/thomashuebl.com\/de\/wie-wir-zu-einer-traumainformierten-gesellschaft-werden-koennen\/","title":{"rendered":"Wie wir zu einer traumainformierten Gesellschaft werden k\u00f6nnen"},"content":{"rendered":"<h3>&#8220;The Wild Golden Egg&#8221; aus Wien haben Thomas interviewt.<\/h3>\n<div class=\"ast-oembed-container \" style=\"height: 100%;\"><iframe title=\"Spotify Embed: Wie k\u00f6nnen wir zu einer traumainformierten Gesellschaft werden?\" style=\"border-radius: 12px\" width=\"100%\" height=\"152\" frameborder=\"0\" allowfullscreen allow=\"autoplay; clipboard-write; encrypted-media; fullscreen; picture-in-picture\" loading=\"lazy\" src=\"https:\/\/open.spotify.com\/embed\/episode\/5J1QMMfJhmWxZJ46ylTV9T?utm_source=oembed\"><\/iframe><\/div>\n<h3><\/h3>\n<h3>Auszug aus dem Gespr\u00e4ch: Das Trauma-Symptom der Trennung<\/h3>\n<p>&#8220;Trauma schafft Trennung. Trauma schafft Andere: &#8216;Das sind die, und das sind wir.&#8217; Das ist so normal, dass es uns gar nicht auff\u00e4llt, weil wir das t\u00e4glich produzieren. Wir schon in einer Dynamik drinnen, wenn wir so denken, die uns gar nicht auff\u00e4llt.<\/p>\n<p>Wenn ich einmal glaube, ich habe Recht, und die anderen, die verstehen es nicht: Wie entsteht denn dieser Gedankengang \u00fcberhaupt? Dar\u00fcber habe ich in meinem Buch geschrieben. Wir normalisieren Trauma und es wird Teil unserer Gesellschaft. Dann nennen wir es nicht mehr Trauma. Die Tatsache, dass wir es nicht so nennen, bedeutet, dass die Normalisierung anf\u00e4ngt, das Trauma zu verdecken. Wenn Trauma einmal verdeckt ist, dann gibt es dazu keinen Zugang mehr, denn dann ist es normalisiert. Als w\u00e4re das Leben einfach so.<\/p>\n<p>Was ich damit sagen m\u00f6chte, ist: Trauma generiert wieder Traumatisierung. Wir sehen beispielsweise Jahrtausende lang, wie Traumatisierung zwischen den Geschlechtern passiert ist. Dann kann man auch mit einbeziehen, dass viele dieser M\u00e4nner auch Kriegserfahrungen hatten, wo sie selber traumatisiert waren.<\/p>\n<p>Wenn wir das Thema nicht an der Wurzel angehen, n\u00e4mlich da, wo das Trauma wirklich passiert, dann bleiben wir die ganze Zeit mit dem Symptom zur\u00fcck. Ich glaube, wir k\u00f6nnen uns mit dem Symptom besch\u00e4ftigen. Da kann man auch kurzfristige L\u00f6sungen finden, um eine Erleichterung hereinzubringen. Das w\u00e4re, wie wenn man Schmerzmittel nimmt, wenn etwas wehtut. Das ist manchmal ganz gut, aber das l\u00f6st die Ursache nicht.<\/p>\n<p>Ich glaube, dass wir als Individuen, von einer traumatisierenden Kultur, wo mehr Trauma passiert als integriert wird, hin zu einer Trauma-informierten Gesellschaft wechseln.&#8221; Thomas H\u00fcbl<\/p>\n<p>Mai 2022<\/p>\n","protected":false},"excerpt":{"rendered":"<p>&#8220;The Wild Golden Egg&#8221; aus Wien haben Thomas interviewt. Auszug aus dem Gespr\u00e4ch: Das Trauma-Symptom der Trennung &#8220;Trauma schafft Trennung. Trauma schafft Andere: &#8216;Das sind die, und das sind wir.&#8217; Das ist so normal, dass es uns gar nicht auff\u00e4llt, weil wir das t\u00e4glich produzieren. Wir schon in einer Dynamik drinnen, wenn wir so denken, [&hellip;]<\/p>\n","protected":false},"author":4,"featured_media":1940,"comment_status":"closed","ping_status":"closed","sticky":false,"template":"","format":"standard","meta":{"_acf_changed":false,"site-sidebar-layout":"default","site-content-layout":"default","ast-site-content-layout":"default","site-content-style":"default","site-sidebar-style":"default","ast-global-header-display":"","ast-banner-title-visibility":"","ast-main-header-display":"","ast-hfb-above-header-display":"","ast-hfb-below-header-display":"","ast-hfb-mobile-header-display":"","site-post-title":"","ast-breadcrumbs-content":"","ast-featured-img":"","footer-sml-layout":"","ast-disable-related-posts":"","theme-transparent-header-meta":"default","adv-header-id-meta":"","stick-header-meta":"","header-above-stick-meta":"","header-main-stick-meta":"","header-below-stick-meta":"","astra-migrate-meta-layouts":"default","ast-page-background-enabled":"default","ast-page-background-meta":{"desktop":{"background-color":"","background-image":"","background-repeat":"repeat","background-position":"center center","background-size":"auto","background-attachment":"scroll","background-type":"","background-media":"","overlay-type":"","overlay-color":"","overlay-opacity":"","overlay-gradient":""},"tablet":{"background-color":"","background-image":"","background-repeat":"repeat","background-position":"center center","background-size":"auto","background-attachment":"scroll","background-type":"","background-media":"","overlay-type":"","overlay-color":"","overlay-opacity":"","overlay-gradient":""},"mobile":{"background-color":"","background-image":"","background-repeat":"repeat","background-position":"center center","background-size":"auto","background-attachment":"scroll","background-type":"","background-media":"","overlay-type":"","overlay-color":"","overlay-opacity":"","overlay-gradient":""}},"ast-content-background-meta":{"desktop":{"background-color":"var(--ast-global-color-5)","background-image":"","background-repeat":"repeat","background-position":"center center","background-size":"auto","background-attachment":"scroll","background-type":"","background-media":"","overlay-type":"","overlay-color":"","overlay-opacity":"","overlay-gradient":""},"tablet":{"background-color":"var(--ast-global-color-5)","background-image":"","background-repeat":"repeat","background-position":"center center","background-size":"auto","background-attachment":"scroll","background-type":"","background-media":"","overlay-type":"","overlay-color":"","overlay-opacity":"","overlay-gradient":""},"mobile":{"background-color":"var(--ast-global-color-5)","background-image":"","background-repeat":"repeat","background-position":"center center","background-size":"auto","background-attachment":"scroll","background-type":"","background-media":"","overlay-type":"","overlay-color":"","overlay-opacity":"","overlay-gradient":""}},"footnotes":""},"categories":[90],"tags":[],"class_list":["post-1939","post","type-post","status-publish","format-standard","has-post-thumbnail","hentry","category-kollektives-trauma"],"acf":[],"yoast_head":"<!-- This site is optimized with the Yoast SEO plugin v27.5 - https:\/\/yoast.com\/product\/yoast-seo-wordpress\/ -->\n<title>Wie wir zu einer traumainformierten Gesellschaft werden k\u00f6nnen - Thomas Huebl<\/title>\n<meta name=\"robots\" content=\"index, follow, max-snippet:-1, max-image-preview:large, max-video-preview:-1\" \/>\n<link rel=\"canonical\" href=\"https:\/\/thomashuebl.com\/de\/wie-wir-zu-einer-traumainformierten-gesellschaft-werden-koennen\/\" \/>\n<meta property=\"og:locale\" content=\"de_DE\" \/>\n<meta property=\"og:type\" content=\"article\" \/>\n<meta property=\"og:title\" content=\"Wie wir zu einer traumainformierten Gesellschaft werden k\u00f6nnen - Thomas Huebl\" \/>\n<meta property=\"og:description\" content=\"&#8220;The Wild Golden Egg&#8221; aus Wien haben Thomas interviewt. Auszug aus dem Gespr\u00e4ch: Das Trauma-Symptom der Trennung &#8220;Trauma schafft Trennung. Trauma schafft Andere: &#8216;Das sind die, und das sind wir.&#8217; Das ist so normal, dass es uns gar nicht auff\u00e4llt, weil wir das t\u00e4glich produzieren. Wir schon in einer Dynamik drinnen, wenn wir so denken, [&hellip;]\" \/>\n<meta property=\"og:url\" content=\"https:\/\/thomashuebl.com\/de\/wie-wir-zu-einer-traumainformierten-gesellschaft-werden-koennen\/\" \/>\n<meta property=\"og:site_name\" content=\"Thomas Huebl\" \/>\n<meta property=\"article:publisher\" content=\"https:\/\/www.facebook.com\/Thomas.Huebl.Sangha\/\" \/>\n<meta property=\"article:published_time\" content=\"2022-06-03T16:43:19+00:00\" \/>\n<meta property=\"article:modified_time\" content=\"2023-07-26T14:25:27+00:00\" \/>\n<meta property=\"og:image\" content=\"https:\/\/thomashuebl.com\/wp-content\/uploads\/2023\/07\/1-TWGE-Blog-Header-3-300x300-1.jpg\" \/>\n\t<meta property=\"og:image:width\" content=\"300\" \/>\n\t<meta property=\"og:image:height\" content=\"300\" \/>\n\t<meta property=\"og:image:type\" content=\"image\/jpeg\" \/>\n<meta name=\"author\" content=\"Stacey Marvel\" \/>\n<meta name=\"twitter:card\" content=\"summary_large_image\" \/>\n<meta name=\"twitter:creator\" content=\"@thomasHuebl\" \/>\n<meta name=\"twitter:site\" content=\"@thomasHuebl\" \/>\n<meta name=\"twitter:label1\" content=\"Verfasst von\" \/>\n\t<meta name=\"twitter:data1\" content=\"Stacey Marvel\" \/>\n\t<meta name=\"twitter:label2\" content=\"Gesch\u00e4tzte Lesezeit\" \/>\n\t<meta name=\"twitter:data2\" content=\"2 Minuten\" \/>\n<script type=\"application\/ld+json\" class=\"yoast-schema-graph\">{\"@context\":\"https:\\\/\\\/schema.org\",\"@graph\":[{\"@type\":\"Article\",\"@id\":\"https:\\\/\\\/thomashuebl.com\\\/de\\\/wie-wir-zu-einer-traumainformierten-gesellschaft-werden-koennen\\\/#article\",\"isPartOf\":{\"@id\":\"https:\\\/\\\/thomashuebl.com\\\/de\\\/wie-wir-zu-einer-traumainformierten-gesellschaft-werden-koennen\\\/\"},\"author\":{\"name\":\"Stacey Marvel\",\"@id\":\"https:\\\/\\\/thomashuebl.com\\\/de\\\/#\\\/schema\\\/person\\\/0f4a84bba2f628cfada6d182a072720d\"},\"headline\":\"Wie wir zu einer traumainformierten Gesellschaft werden k\u00f6nnen\",\"datePublished\":\"2022-06-03T16:43:19+00:00\",\"dateModified\":\"2023-07-26T14:25:27+00:00\",\"mainEntityOfPage\":{\"@id\":\"https:\\\/\\\/thomashuebl.com\\\/de\\\/wie-wir-zu-einer-traumainformierten-gesellschaft-werden-koennen\\\/\"},\"wordCount\":313,\"publisher\":{\"@id\":\"https:\\\/\\\/thomashuebl.com\\\/de\\\/#organization\"},\"image\":{\"@id\":\"https:\\\/\\\/thomashuebl.com\\\/de\\\/wie-wir-zu-einer-traumainformierten-gesellschaft-werden-koennen\\\/#primaryimage\"},\"thumbnailUrl\":\"https:\\\/\\\/thomashuebl.com\\\/wp-content\\\/uploads\\\/2023\\\/07\\\/1-TWGE-Blog-Header-3-300x300-1.jpg\",\"articleSection\":[\"Kollektives Trauma\"],\"inLanguage\":\"de-DE\"},{\"@type\":\"WebPage\",\"@id\":\"https:\\\/\\\/thomashuebl.com\\\/de\\\/wie-wir-zu-einer-traumainformierten-gesellschaft-werden-koennen\\\/\",\"url\":\"https:\\\/\\\/thomashuebl.com\\\/de\\\/wie-wir-zu-einer-traumainformierten-gesellschaft-werden-koennen\\\/\",\"name\":\"Wie wir zu einer traumainformierten Gesellschaft werden k\u00f6nnen - Thomas Huebl\",\"isPartOf\":{\"@id\":\"https:\\\/\\\/thomashuebl.com\\\/de\\\/#website\"},\"primaryImageOfPage\":{\"@id\":\"https:\\\/\\\/thomashuebl.com\\\/de\\\/wie-wir-zu-einer-traumainformierten-gesellschaft-werden-koennen\\\/#primaryimage\"},\"image\":{\"@id\":\"https:\\\/\\\/thomashuebl.com\\\/de\\\/wie-wir-zu-einer-traumainformierten-gesellschaft-werden-koennen\\\/#primaryimage\"},\"thumbnailUrl\":\"https:\\\/\\\/thomashuebl.com\\\/wp-content\\\/uploads\\\/2023\\\/07\\\/1-TWGE-Blog-Header-3-300x300-1.jpg\",\"datePublished\":\"2022-06-03T16:43:19+00:00\",\"dateModified\":\"2023-07-26T14:25:27+00:00\",\"breadcrumb\":{\"@id\":\"https:\\\/\\\/thomashuebl.com\\\/de\\\/wie-wir-zu-einer-traumainformierten-gesellschaft-werden-koennen\\\/#breadcrumb\"},\"inLanguage\":\"de-DE\",\"potentialAction\":[{\"@type\":\"ReadAction\",\"target\":[\"https:\\\/\\\/thomashuebl.com\\\/de\\\/wie-wir-zu-einer-traumainformierten-gesellschaft-werden-koennen\\\/\"]}]},{\"@type\":\"ImageObject\",\"inLanguage\":\"de-DE\",\"@id\":\"https:\\\/\\\/thomashuebl.com\\\/de\\\/wie-wir-zu-einer-traumainformierten-gesellschaft-werden-koennen\\\/#primaryimage\",\"url\":\"https:\\\/\\\/thomashuebl.com\\\/wp-content\\\/uploads\\\/2023\\\/07\\\/1-TWGE-Blog-Header-3-300x300-1.jpg\",\"contentUrl\":\"https:\\\/\\\/thomashuebl.com\\\/wp-content\\\/uploads\\\/2023\\\/07\\\/1-TWGE-Blog-Header-3-300x300-1.jpg\",\"width\":300,\"height\":300},{\"@type\":\"BreadcrumbList\",\"@id\":\"https:\\\/\\\/thomashuebl.com\\\/de\\\/wie-wir-zu-einer-traumainformierten-gesellschaft-werden-koennen\\\/#breadcrumb\",\"itemListElement\":[{\"@type\":\"ListItem\",\"position\":1,\"name\":\"Home\",\"item\":\"https:\\\/\\\/thomashuebl.com\\\/de\\\/\"},{\"@type\":\"ListItem\",\"position\":2,\"name\":\"Wie wir zu einer traumainformierten Gesellschaft werden k\u00f6nnen\"}]},{\"@type\":\"WebSite\",\"@id\":\"https:\\\/\\\/thomashuebl.com\\\/de\\\/#website\",\"url\":\"https:\\\/\\\/thomashuebl.com\\\/de\\\/\",\"name\":\"Thomas Huebl\",\"description\":\"\",\"publisher\":{\"@id\":\"https:\\\/\\\/thomashuebl.com\\\/de\\\/#organization\"},\"potentialAction\":[{\"@type\":\"SearchAction\",\"target\":{\"@type\":\"EntryPoint\",\"urlTemplate\":\"https:\\\/\\\/thomashuebl.com\\\/de\\\/?s={search_term_string}\"},\"query-input\":{\"@type\":\"PropertyValueSpecification\",\"valueRequired\":true,\"valueName\":\"search_term_string\"}}],\"inLanguage\":\"de-DE\"},{\"@type\":\"Organization\",\"@id\":\"https:\\\/\\\/thomashuebl.com\\\/de\\\/#organization\",\"name\":\"Thomas Huebl\",\"url\":\"https:\\\/\\\/thomashuebl.com\\\/de\\\/\",\"logo\":{\"@type\":\"ImageObject\",\"inLanguage\":\"de-DE\",\"@id\":\"https:\\\/\\\/thomashuebl.com\\\/de\\\/#\\\/schema\\\/logo\\\/image\\\/\",\"url\":\"https:\\\/\\\/thomashuebl.com\\\/wp-content\\\/uploads\\\/2023\\\/08\\\/thomashueblpl_03-1.jpg\",\"contentUrl\":\"https:\\\/\\\/thomashuebl.com\\\/wp-content\\\/uploads\\\/2023\\\/08\\\/thomashueblpl_03-1.jpg\",\"width\":1200,\"height\":630,\"caption\":\"Thomas Huebl\"},\"image\":{\"@id\":\"https:\\\/\\\/thomashuebl.com\\\/de\\\/#\\\/schema\\\/logo\\\/image\\\/\"},\"sameAs\":[\"https:\\\/\\\/www.facebook.com\\\/Thomas.Huebl.Sangha\\\/\",\"https:\\\/\\\/x.com\\\/thomasHuebl\",\"https:\\\/\\\/www.youtube.com\\\/user\\\/thomashuebl\",\"https:\\\/\\\/www.instagram.com\\\/thomashuebl\\\/\"]},{\"@type\":\"Person\",\"@id\":\"https:\\\/\\\/thomashuebl.com\\\/de\\\/#\\\/schema\\\/person\\\/0f4a84bba2f628cfada6d182a072720d\",\"name\":\"Stacey Marvel\",\"image\":{\"@type\":\"ImageObject\",\"inLanguage\":\"de-DE\",\"@id\":\"https:\\\/\\\/secure.gravatar.com\\\/avatar\\\/fec4cfa4c8e0857a285f58e4e9b2b907bc38900434bb5a29eda90d57dab8ee65?s=96&d=mm&r=g\",\"url\":\"https:\\\/\\\/secure.gravatar.com\\\/avatar\\\/fec4cfa4c8e0857a285f58e4e9b2b907bc38900434bb5a29eda90d57dab8ee65?s=96&d=mm&r=g\",\"contentUrl\":\"https:\\\/\\\/secure.gravatar.com\\\/avatar\\\/fec4cfa4c8e0857a285f58e4e9b2b907bc38900434bb5a29eda90d57dab8ee65?s=96&d=mm&r=g\",\"caption\":\"Stacey Marvel\"},\"url\":\"https:\\\/\\\/thomashuebl.com\\\/de\\\/author\\\/stacey\\\/\"}]}<\/script>\n<!-- \/ Yoast SEO plugin. -->","yoast_head_json":{"title":"Wie wir zu einer traumainformierten Gesellschaft werden k\u00f6nnen - Thomas Huebl","robots":{"index":"index","follow":"follow","max-snippet":"max-snippet:-1","max-image-preview":"max-image-preview:large","max-video-preview":"max-video-preview:-1"},"canonical":"https:\/\/thomashuebl.com\/de\/wie-wir-zu-einer-traumainformierten-gesellschaft-werden-koennen\/","og_locale":"de_DE","og_type":"article","og_title":"Wie wir zu einer traumainformierten Gesellschaft werden k\u00f6nnen - Thomas Huebl","og_description":"&#8220;The Wild Golden Egg&#8221; aus Wien haben Thomas interviewt. Auszug aus dem Gespr\u00e4ch: Das Trauma-Symptom der Trennung &#8220;Trauma schafft Trennung. Trauma schafft Andere: &#8216;Das sind die, und das sind wir.&#8217; Das ist so normal, dass es uns gar nicht auff\u00e4llt, weil wir das t\u00e4glich produzieren. Wir schon in einer Dynamik drinnen, wenn wir so denken, [&hellip;]","og_url":"https:\/\/thomashuebl.com\/de\/wie-wir-zu-einer-traumainformierten-gesellschaft-werden-koennen\/","og_site_name":"Thomas Huebl","article_publisher":"https:\/\/www.facebook.com\/Thomas.Huebl.Sangha\/","article_published_time":"2022-06-03T16:43:19+00:00","article_modified_time":"2023-07-26T14:25:27+00:00","og_image":[{"width":300,"height":300,"url":"https:\/\/thomashuebl.com\/wp-content\/uploads\/2023\/07\/1-TWGE-Blog-Header-3-300x300-1.jpg","type":"image\/jpeg"}],"author":"Stacey Marvel","twitter_card":"summary_large_image","twitter_creator":"@thomasHuebl","twitter_site":"@thomasHuebl","twitter_misc":{"Verfasst von":"Stacey Marvel","Gesch\u00e4tzte Lesezeit":"2 Minuten"},"schema":{"@context":"https:\/\/schema.org","@graph":[{"@type":"Article","@id":"https:\/\/thomashuebl.com\/de\/wie-wir-zu-einer-traumainformierten-gesellschaft-werden-koennen\/#article","isPartOf":{"@id":"https:\/\/thomashuebl.com\/de\/wie-wir-zu-einer-traumainformierten-gesellschaft-werden-koennen\/"},"author":{"name":"Stacey Marvel","@id":"https:\/\/thomashuebl.com\/de\/#\/schema\/person\/0f4a84bba2f628cfada6d182a072720d"},"headline":"Wie wir zu einer traumainformierten Gesellschaft werden k\u00f6nnen","datePublished":"2022-06-03T16:43:19+00:00","dateModified":"2023-07-26T14:25:27+00:00","mainEntityOfPage":{"@id":"https:\/\/thomashuebl.com\/de\/wie-wir-zu-einer-traumainformierten-gesellschaft-werden-koennen\/"},"wordCount":313,"publisher":{"@id":"https:\/\/thomashuebl.com\/de\/#organization"},"image":{"@id":"https:\/\/thomashuebl.com\/de\/wie-wir-zu-einer-traumainformierten-gesellschaft-werden-koennen\/#primaryimage"},"thumbnailUrl":"https:\/\/thomashuebl.com\/wp-content\/uploads\/2023\/07\/1-TWGE-Blog-Header-3-300x300-1.jpg","articleSection":["Kollektives Trauma"],"inLanguage":"de-DE"},{"@type":"WebPage","@id":"https:\/\/thomashuebl.com\/de\/wie-wir-zu-einer-traumainformierten-gesellschaft-werden-koennen\/","url":"https:\/\/thomashuebl.com\/de\/wie-wir-zu-einer-traumainformierten-gesellschaft-werden-koennen\/","name":"Wie wir zu einer traumainformierten Gesellschaft werden k\u00f6nnen - Thomas Huebl","isPartOf":{"@id":"https:\/\/thomashuebl.com\/de\/#website"},"primaryImageOfPage":{"@id":"https:\/\/thomashuebl.com\/de\/wie-wir-zu-einer-traumainformierten-gesellschaft-werden-koennen\/#primaryimage"},"image":{"@id":"https:\/\/thomashuebl.com\/de\/wie-wir-zu-einer-traumainformierten-gesellschaft-werden-koennen\/#primaryimage"},"thumbnailUrl":"https:\/\/thomashuebl.com\/wp-content\/uploads\/2023\/07\/1-TWGE-Blog-Header-3-300x300-1.jpg","datePublished":"2022-06-03T16:43:19+00:00","dateModified":"2023-07-26T14:25:27+00:00","breadcrumb":{"@id":"https:\/\/thomashuebl.com\/de\/wie-wir-zu-einer-traumainformierten-gesellschaft-werden-koennen\/#breadcrumb"},"inLanguage":"de-DE","potentialAction":[{"@type":"ReadAction","target":["https:\/\/thomashuebl.com\/de\/wie-wir-zu-einer-traumainformierten-gesellschaft-werden-koennen\/"]}]},{"@type":"ImageObject","inLanguage":"de-DE","@id":"https:\/\/thomashuebl.com\/de\/wie-wir-zu-einer-traumainformierten-gesellschaft-werden-koennen\/#primaryimage","url":"https:\/\/thomashuebl.com\/wp-content\/uploads\/2023\/07\/1-TWGE-Blog-Header-3-300x300-1.jpg","contentUrl":"https:\/\/thomashuebl.com\/wp-content\/uploads\/2023\/07\/1-TWGE-Blog-Header-3-300x300-1.jpg","width":300,"height":300},{"@type":"BreadcrumbList","@id":"https:\/\/thomashuebl.com\/de\/wie-wir-zu-einer-traumainformierten-gesellschaft-werden-koennen\/#breadcrumb","itemListElement":[{"@type":"ListItem","position":1,"name":"Home","item":"https:\/\/thomashuebl.com\/de\/"},{"@type":"ListItem","position":2,"name":"Wie wir zu einer traumainformierten Gesellschaft werden k\u00f6nnen"}]},{"@type":"WebSite","@id":"https:\/\/thomashuebl.com\/de\/#website","url":"https:\/\/thomashuebl.com\/de\/","name":"Thomas Huebl","description":"","publisher":{"@id":"https:\/\/thomashuebl.com\/de\/#organization"},"potentialAction":[{"@type":"SearchAction","target":{"@type":"EntryPoint","urlTemplate":"https:\/\/thomashuebl.com\/de\/?s={search_term_string}"},"query-input":{"@type":"PropertyValueSpecification","valueRequired":true,"valueName":"search_term_string"}}],"inLanguage":"de-DE"},{"@type":"Organization","@id":"https:\/\/thomashuebl.com\/de\/#organization","name":"Thomas Huebl","url":"https:\/\/thomashuebl.com\/de\/","logo":{"@type":"ImageObject","inLanguage":"de-DE","@id":"https:\/\/thomashuebl.com\/de\/#\/schema\/logo\/image\/","url":"https:\/\/thomashuebl.com\/wp-content\/uploads\/2023\/08\/thomashueblpl_03-1.jpg","contentUrl":"https:\/\/thomashuebl.com\/wp-content\/uploads\/2023\/08\/thomashueblpl_03-1.jpg","width":1200,"height":630,"caption":"Thomas Huebl"},"image":{"@id":"https:\/\/thomashuebl.com\/de\/#\/schema\/logo\/image\/"},"sameAs":["https:\/\/www.facebook.com\/Thomas.Huebl.Sangha\/","https:\/\/x.com\/thomasHuebl","https:\/\/www.youtube.com\/user\/thomashuebl","https:\/\/www.instagram.com\/thomashuebl\/"]},{"@type":"Person","@id":"https:\/\/thomashuebl.com\/de\/#\/schema\/person\/0f4a84bba2f628cfada6d182a072720d","name":"Stacey Marvel","image":{"@type":"ImageObject","inLanguage":"de-DE","@id":"https:\/\/secure.gravatar.com\/avatar\/fec4cfa4c8e0857a285f58e4e9b2b907bc38900434bb5a29eda90d57dab8ee65?s=96&d=mm&r=g","url":"https:\/\/secure.gravatar.com\/avatar\/fec4cfa4c8e0857a285f58e4e9b2b907bc38900434bb5a29eda90d57dab8ee65?s=96&d=mm&r=g","contentUrl":"https:\/\/secure.gravatar.com\/avatar\/fec4cfa4c8e0857a285f58e4e9b2b907bc38900434bb5a29eda90d57dab8ee65?s=96&d=mm&r=g","caption":"Stacey Marvel"},"url":"https:\/\/thomashuebl.com\/de\/author\/stacey\/"}]}},"_links":{"self":[{"href":"https:\/\/thomashuebl.com\/de\/wp-json\/wp\/v2\/posts\/1939","targetHints":{"allow":["GET"]}}],"collection":[{"href":"https:\/\/thomashuebl.com\/de\/wp-json\/wp\/v2\/posts"}],"about":[{"href":"https:\/\/thomashuebl.com\/de\/wp-json\/wp\/v2\/types\/post"}],"author":[{"embeddable":true,"href":"https:\/\/thomashuebl.com\/de\/wp-json\/wp\/v2\/users\/4"}],"replies":[{"embeddable":true,"href":"https:\/\/thomashuebl.com\/de\/wp-json\/wp\/v2\/comments?post=1939"}],"version-history":[{"count":0,"href":"https:\/\/thomashuebl.com\/de\/wp-json\/wp\/v2\/posts\/1939\/revisions"}],"wp:featuredmedia":[{"embeddable":true,"href":"https:\/\/thomashuebl.com\/de\/wp-json\/wp\/v2\/media\/1940"}],"wp:attachment":[{"href":"https:\/\/thomashuebl.com\/de\/wp-json\/wp\/v2\/media?parent=1939"}],"wp:term":[{"taxonomy":"category","embeddable":true,"href":"https:\/\/thomashuebl.com\/de\/wp-json\/wp\/v2\/categories?post=1939"},{"taxonomy":"post_tag","embeddable":true,"href":"https:\/\/thomashuebl.com\/de\/wp-json\/wp\/v2\/tags?post=1939"}],"curies":[{"name":"wp","href":"https:\/\/api.w.org\/{rel}","templated":true}]}}