{"id":1935,"date":"2023-02-13T17:26:15","date_gmt":"2023-02-14T01:26:15","guid":{"rendered":"https:\/\/thomashuebl.com\/?p=1935"},"modified":"2023-10-02T04:54:41","modified_gmt":"2023-10-02T11:54:41","slug":"oprah-winfreys-blog-empfiehlt-das-buch-kollektives-trauma-heilen","status":"publish","type":"post","link":"https:\/\/thomashuebl.com\/de\/oprah-winfreys-blog-empfiehlt-das-buch-kollektives-trauma-heilen\/","title":{"rendered":"Oprah Daily hat gerade das Buch \u201eKollektives Trauma Heilen\u201c vorgestellt"},"content":{"rendered":"<p>Der \u201eOprah Daily\u201c Blog hat gerade einen Beitrag ver\u00f6ffentlicht, in dem B\u00fccher zum Thema Trauma vorgestellt werden. Darunter ist auch das Buch\u00a0<strong>\u201eHealing Collective Trauma (Kollektives Trauma Heilen)\u201c von Thomas H\u00fcbl<\/strong>. Und neun weitere hochkar\u00e4tige B\u00fccher.<\/p>\n<p>Dar\u00fcber freuen wir uns sehr! Tr\u00e4gt es doch dazu bei, das Wissen \u00fcber dieses wichtige Thema zu verbreiten. Denn: Egal wie privat oder pers\u00f6nlich ein Trauma auch sein mag, es kann nicht nur einer Familie oder den Ahnenlininien von einzelnen Familien zugeordnet werden. Die Folgen von Trauma ziehen sich \u00fcber Gemeinschaften, Regionen, L\u00e4nder und Nationen hinweg.<\/p>\n<p><img fetchpriority=\"high\" decoding=\"async\" class=\"wp-image-9609 size-medium alignleft\" src=\"https:\/\/thomashuebl.com\/wp-content\/uploads\/2023\/02\/00-oprah-book-deutsch-neu-web-300x225.jpg\" alt=\"Book Thomas Oprah Daily\" width=\"300\" height=\"225\" \/>\u201eWenn du die spirituelle Dimension des kollektiven Schmerzes verstehen willst:\u00a0<strong>\u201eKollektives Trauma Heilen\u201c, von Thomas H\u00fcbl\u201c<\/strong>, sagt Elise Loehnen auf Oprah Daily.<\/p>\n<p>\u201eTrauma ist ein gro\u00dfes, kulturelles Schlagwort geworden, was darauf hindeutet, dass wir uns schnell zu einer traumainformierten Gesellschaft entwickeln \u2013 aber auch wenn der Begriff beil\u00e4ufig verwendet wird, ist er sehr nuanciert. Die Etymologie des Begriffs lautet \u201aWunde\u2018, und es gibt viele Varianten: tiefe, kollektive, aber auch fl\u00fcchtige und heimt\u00fcckische Verletzungen. Im Folgenden findest du B\u00fccher f\u00fcr jede Variante davon.\u201c<\/p>\n<h3><a href=\"https:\/\/www.oprahdaily.com\/entertainment\/books\/g42465900\/books-to-help-heal-trauma\/\" target=\"_blank\" rel=\"noopener\">Lies den Artikel hier (auf Englisch) &gt;&gt;<\/a><\/h3>\n<p>&nbsp;<\/p>\n<p><a href=\"https:\/\/www.penguinrandomhouse.de\/Buch\/Kollektives-Trauma-heilen\/Thomas-Huebl\/Irisiana\/e588076.rhd\" target=\"_blank\" rel=\"noopener\"><img decoding=\"async\" class=\"size-medium wp-image-6837 alignleft\" src=\"https:\/\/thomashuebl.com\/wp-content\/uploads\/2021\/02\/1-book-german-buch-deutsch-300x182.jpg\" alt=\"book german\" width=\"300\" height=\"182\" \/><\/a>Das Buch von Thomas ist auch\u00a0<strong>auf Deutsch<\/strong>\u00a0erschienen:\u00a0<em>\u201eKollektives Trauma heilen \u2013 Pers\u00f6nliche und globale Krisen verstehen und als Chance nutzen\u201c<\/em><\/p>\n<h3><a href=\"https:\/\/www.penguinrandomhouse.de\/Buch\/Kollektives-Trauma-heilen\/Thomas-Huebl\/Irisiana\/e588076.rhd\" target=\"_blank\" rel=\"noopener\">Mehr dazu hier &gt;&gt;<\/a><\/h3>\n","protected":false},"excerpt":{"rendered":"<p>Der \u201eOprah Daily\u201c Blog hat gerade einen Beitrag ver\u00f6ffentlicht, in dem B\u00fccher zum Thema Trauma vorgestellt werden. Darunter ist auch das Buch\u00a0\u201eHealing Collective Trauma (Kollektives Trauma Heilen)\u201c von Thomas H\u00fcbl. Und neun weitere hochkar\u00e4tige B\u00fccher. Dar\u00fcber freuen wir uns sehr! Tr\u00e4gt es doch dazu bei, das Wissen \u00fcber dieses wichtige Thema zu verbreiten. Denn: Egal [&hellip;]<\/p>\n","protected":false},"author":4,"featured_media":2662,"comment_status":"closed","ping_status":"closed","sticky":false,"template":"","format":"standard","meta":{"_acf_changed":false,"site-sidebar-layout":"default","site-content-layout":"default","ast-site-content-layout":"default","site-content-style":"default","site-sidebar-style":"default","ast-global-header-display":"","ast-banner-title-visibility":"","ast-main-header-display":"","ast-hfb-above-header-display":"","ast-hfb-below-header-display":"","ast-hfb-mobile-header-display":"","site-post-title":"","ast-breadcrumbs-content":"","ast-featured-img":"","footer-sml-layout":"","ast-disable-related-posts":"","theme-transparent-header-meta":"default","adv-header-id-meta":"","stick-header-meta":"","header-above-stick-meta":"","header-main-stick-meta":"","header-below-stick-meta":"","astra-migrate-meta-layouts":"set","ast-page-background-enabled":"default","ast-page-background-meta":{"desktop":{"background-color":"","background-image":"","background-repeat":"repeat","background-position":"center center","background-size":"auto","background-attachment":"scroll","background-type":"","background-media":"","overlay-type":"","overlay-color":"","overlay-opacity":"","overlay-gradient":""},"tablet":{"background-color":"","background-image":"","background-repeat":"repeat","background-position":"center center","background-size":"auto","background-attachment":"scroll","background-type":"","background-media":"","overlay-type":"","overlay-color":"","overlay-opacity":"","overlay-gradient":""},"mobile":{"background-color":"","background-image":"","background-repeat":"repeat","background-position":"center center","background-size":"auto","background-attachment":"scroll","background-type":"","background-media":"","overlay-type":"","overlay-color":"","overlay-opacity":"","overlay-gradient":""}},"ast-content-background-meta":{"desktop":{"background-color":"var(--ast-global-color-5)","background-image":"","background-repeat":"repeat","background-position":"center center","background-size":"auto","background-attachment":"scroll","background-type":"","background-media":"","overlay-type":"","overlay-color":"","overlay-opacity":"","overlay-gradient":""},"tablet":{"background-color":"var(--ast-global-color-5)","background-image":"","background-repeat":"repeat","background-position":"center center","background-size":"auto","background-attachment":"scroll","background-type":"","background-media":"","overlay-type":"","overlay-color":"","overlay-opacity":"","overlay-gradient":""},"mobile":{"background-color":"var(--ast-global-color-5)","background-image":"","background-repeat":"repeat","background-position":"center center","background-size":"auto","background-attachment":"scroll","background-type":"","background-media":"","overlay-type":"","overlay-color":"","overlay-opacity":"","overlay-gradient":""}},"footnotes":""},"categories":[],"tags":[],"class_list":["post-1935","post","type-post","status-publish","format-standard","has-post-thumbnail","hentry"],"acf":[],"yoast_head":"<!-- This site is optimized with the Yoast SEO plugin v27.4 - https:\/\/yoast.com\/product\/yoast-seo-wordpress\/ -->\n<title>Oprah Daily hat gerade das Buch \u201eKollektives Trauma Heilen\u201c vorgestellt - Thomas Huebl<\/title>\n<meta name=\"robots\" content=\"index, follow, max-snippet:-1, max-image-preview:large, max-video-preview:-1\" \/>\n<link rel=\"canonical\" href=\"https:\/\/thomashuebl.com\/de\/oprah-winfreys-blog-empfiehlt-das-buch-kollektives-trauma-heilen\/\" \/>\n<meta property=\"og:locale\" content=\"de_DE\" \/>\n<meta property=\"og:type\" content=\"article\" \/>\n<meta property=\"og:title\" content=\"Oprah Daily hat gerade das Buch \u201eKollektives Trauma Heilen\u201c vorgestellt - Thomas Huebl\" \/>\n<meta property=\"og:description\" content=\"Der \u201eOprah Daily\u201c Blog hat gerade einen Beitrag ver\u00f6ffentlicht, in dem B\u00fccher zum Thema Trauma vorgestellt werden. Darunter ist auch das Buch\u00a0\u201eHealing Collective Trauma (Kollektives Trauma Heilen)\u201c von Thomas H\u00fcbl. Und neun weitere hochkar\u00e4tige B\u00fccher. Dar\u00fcber freuen wir uns sehr! Tr\u00e4gt es doch dazu bei, das Wissen \u00fcber dieses wichtige Thema zu verbreiten. Denn: Egal [&hellip;]\" \/>\n<meta property=\"og:url\" content=\"https:\/\/thomashuebl.com\/de\/oprah-winfreys-blog-empfiehlt-das-buch-kollektives-trauma-heilen\/\" \/>\n<meta property=\"og:site_name\" content=\"Thomas Huebl\" \/>\n<meta property=\"article:publisher\" content=\"https:\/\/www.facebook.com\/Thomas.Huebl.Sangha\/\" \/>\n<meta property=\"article:published_time\" content=\"2023-02-14T01:26:15+00:00\" \/>\n<meta property=\"article:modified_time\" content=\"2023-10-02T11:54:41+00:00\" \/>\n<meta property=\"og:image\" content=\"https:\/\/thomashuebl.com\/wp-content\/uploads\/2023\/02\/oprah-healing-collective-trauma-book-blog-thomas-huebl-1.jpg\" \/>\n\t<meta property=\"og:image:width\" content=\"640\" \/>\n\t<meta property=\"og:image:height\" content=\"380\" \/>\n\t<meta property=\"og:image:type\" content=\"image\/jpeg\" \/>\n<meta name=\"author\" content=\"Stacey Marvel\" \/>\n<meta name=\"twitter:card\" content=\"summary_large_image\" \/>\n<meta name=\"twitter:creator\" content=\"@thomasHuebl\" \/>\n<meta name=\"twitter:site\" content=\"@thomasHuebl\" \/>\n<meta name=\"twitter:label1\" content=\"Verfasst von\" \/>\n\t<meta name=\"twitter:data1\" content=\"Stacey Marvel\" \/>\n\t<meta name=\"twitter:label2\" content=\"Gesch\u00e4tzte Lesezeit\" \/>\n\t<meta name=\"twitter:data2\" content=\"2 Minuten\" \/>\n<script type=\"application\/ld+json\" class=\"yoast-schema-graph\">{\"@context\":\"https:\\\/\\\/schema.org\",\"@graph\":[{\"@type\":\"Article\",\"@id\":\"https:\\\/\\\/thomashuebl.com\\\/de\\\/oprah-winfreys-blog-empfiehlt-das-buch-kollektives-trauma-heilen\\\/#article\",\"isPartOf\":{\"@id\":\"https:\\\/\\\/thomashuebl.com\\\/de\\\/oprah-winfreys-blog-empfiehlt-das-buch-kollektives-trauma-heilen\\\/\"},\"author\":{\"name\":\"Stacey Marvel\",\"@id\":\"https:\\\/\\\/thomashuebl.com\\\/de\\\/#\\\/schema\\\/person\\\/0f4a84bba2f628cfada6d182a072720d\"},\"headline\":\"Oprah Daily hat gerade das Buch \u201eKollektives Trauma Heilen\u201c vorgestellt\",\"datePublished\":\"2023-02-14T01:26:15+00:00\",\"dateModified\":\"2023-10-02T11:54:41+00:00\",\"mainEntityOfPage\":{\"@id\":\"https:\\\/\\\/thomashuebl.com\\\/de\\\/oprah-winfreys-blog-empfiehlt-das-buch-kollektives-trauma-heilen\\\/\"},\"wordCount\":235,\"publisher\":{\"@id\":\"https:\\\/\\\/thomashuebl.com\\\/de\\\/#organization\"},\"image\":{\"@id\":\"https:\\\/\\\/thomashuebl.com\\\/de\\\/oprah-winfreys-blog-empfiehlt-das-buch-kollektives-trauma-heilen\\\/#primaryimage\"},\"thumbnailUrl\":\"https:\\\/\\\/thomashuebl.com\\\/wp-content\\\/uploads\\\/2023\\\/02\\\/oprah-healing-collective-trauma-book-blog-thomas-huebl-1.jpg\",\"inLanguage\":\"de-DE\"},{\"@type\":\"WebPage\",\"@id\":\"https:\\\/\\\/thomashuebl.com\\\/de\\\/oprah-winfreys-blog-empfiehlt-das-buch-kollektives-trauma-heilen\\\/\",\"url\":\"https:\\\/\\\/thomashuebl.com\\\/de\\\/oprah-winfreys-blog-empfiehlt-das-buch-kollektives-trauma-heilen\\\/\",\"name\":\"Oprah Daily hat gerade das Buch \u201eKollektives Trauma Heilen\u201c vorgestellt - Thomas Huebl\",\"isPartOf\":{\"@id\":\"https:\\\/\\\/thomashuebl.com\\\/de\\\/#website\"},\"primaryImageOfPage\":{\"@id\":\"https:\\\/\\\/thomashuebl.com\\\/de\\\/oprah-winfreys-blog-empfiehlt-das-buch-kollektives-trauma-heilen\\\/#primaryimage\"},\"image\":{\"@id\":\"https:\\\/\\\/thomashuebl.com\\\/de\\\/oprah-winfreys-blog-empfiehlt-das-buch-kollektives-trauma-heilen\\\/#primaryimage\"},\"thumbnailUrl\":\"https:\\\/\\\/thomashuebl.com\\\/wp-content\\\/uploads\\\/2023\\\/02\\\/oprah-healing-collective-trauma-book-blog-thomas-huebl-1.jpg\",\"datePublished\":\"2023-02-14T01:26:15+00:00\",\"dateModified\":\"2023-10-02T11:54:41+00:00\",\"breadcrumb\":{\"@id\":\"https:\\\/\\\/thomashuebl.com\\\/de\\\/oprah-winfreys-blog-empfiehlt-das-buch-kollektives-trauma-heilen\\\/#breadcrumb\"},\"inLanguage\":\"de-DE\",\"potentialAction\":[{\"@type\":\"ReadAction\",\"target\":[\"https:\\\/\\\/thomashuebl.com\\\/de\\\/oprah-winfreys-blog-empfiehlt-das-buch-kollektives-trauma-heilen\\\/\"]}]},{\"@type\":\"ImageObject\",\"inLanguage\":\"de-DE\",\"@id\":\"https:\\\/\\\/thomashuebl.com\\\/de\\\/oprah-winfreys-blog-empfiehlt-das-buch-kollektives-trauma-heilen\\\/#primaryimage\",\"url\":\"https:\\\/\\\/thomashuebl.com\\\/wp-content\\\/uploads\\\/2023\\\/02\\\/oprah-healing-collective-trauma-book-blog-thomas-huebl-1.jpg\",\"contentUrl\":\"https:\\\/\\\/thomashuebl.com\\\/wp-content\\\/uploads\\\/2023\\\/02\\\/oprah-healing-collective-trauma-book-blog-thomas-huebl-1.jpg\",\"width\":640,\"height\":380},{\"@type\":\"BreadcrumbList\",\"@id\":\"https:\\\/\\\/thomashuebl.com\\\/de\\\/oprah-winfreys-blog-empfiehlt-das-buch-kollektives-trauma-heilen\\\/#breadcrumb\",\"itemListElement\":[{\"@type\":\"ListItem\",\"position\":1,\"name\":\"Home\",\"item\":\"https:\\\/\\\/thomashuebl.com\\\/de\\\/\"},{\"@type\":\"ListItem\",\"position\":2,\"name\":\"Oprah Daily hat gerade das Buch \u201eKollektives Trauma Heilen\u201c vorgestellt\"}]},{\"@type\":\"WebSite\",\"@id\":\"https:\\\/\\\/thomashuebl.com\\\/de\\\/#website\",\"url\":\"https:\\\/\\\/thomashuebl.com\\\/de\\\/\",\"name\":\"Thomas Huebl\",\"description\":\"\",\"publisher\":{\"@id\":\"https:\\\/\\\/thomashuebl.com\\\/de\\\/#organization\"},\"potentialAction\":[{\"@type\":\"SearchAction\",\"target\":{\"@type\":\"EntryPoint\",\"urlTemplate\":\"https:\\\/\\\/thomashuebl.com\\\/de\\\/?s={search_term_string}\"},\"query-input\":{\"@type\":\"PropertyValueSpecification\",\"valueRequired\":true,\"valueName\":\"search_term_string\"}}],\"inLanguage\":\"de-DE\"},{\"@type\":\"Organization\",\"@id\":\"https:\\\/\\\/thomashuebl.com\\\/de\\\/#organization\",\"name\":\"Thomas Huebl\",\"url\":\"https:\\\/\\\/thomashuebl.com\\\/de\\\/\",\"logo\":{\"@type\":\"ImageObject\",\"inLanguage\":\"de-DE\",\"@id\":\"https:\\\/\\\/thomashuebl.com\\\/de\\\/#\\\/schema\\\/logo\\\/image\\\/\",\"url\":\"https:\\\/\\\/thomashuebl.com\\\/wp-content\\\/uploads\\\/2023\\\/08\\\/thomashueblpl_03-1.jpg\",\"contentUrl\":\"https:\\\/\\\/thomashuebl.com\\\/wp-content\\\/uploads\\\/2023\\\/08\\\/thomashueblpl_03-1.jpg\",\"width\":1200,\"height\":630,\"caption\":\"Thomas Huebl\"},\"image\":{\"@id\":\"https:\\\/\\\/thomashuebl.com\\\/de\\\/#\\\/schema\\\/logo\\\/image\\\/\"},\"sameAs\":[\"https:\\\/\\\/www.facebook.com\\\/Thomas.Huebl.Sangha\\\/\",\"https:\\\/\\\/x.com\\\/thomasHuebl\",\"https:\\\/\\\/www.youtube.com\\\/user\\\/thomashuebl\",\"https:\\\/\\\/www.instagram.com\\\/thomashuebl\\\/\"]},{\"@type\":\"Person\",\"@id\":\"https:\\\/\\\/thomashuebl.com\\\/de\\\/#\\\/schema\\\/person\\\/0f4a84bba2f628cfada6d182a072720d\",\"name\":\"Stacey Marvel\",\"image\":{\"@type\":\"ImageObject\",\"inLanguage\":\"de-DE\",\"@id\":\"https:\\\/\\\/secure.gravatar.com\\\/avatar\\\/fec4cfa4c8e0857a285f58e4e9b2b907bc38900434bb5a29eda90d57dab8ee65?s=96&d=mm&r=g\",\"url\":\"https:\\\/\\\/secure.gravatar.com\\\/avatar\\\/fec4cfa4c8e0857a285f58e4e9b2b907bc38900434bb5a29eda90d57dab8ee65?s=96&d=mm&r=g\",\"contentUrl\":\"https:\\\/\\\/secure.gravatar.com\\\/avatar\\\/fec4cfa4c8e0857a285f58e4e9b2b907bc38900434bb5a29eda90d57dab8ee65?s=96&d=mm&r=g\",\"caption\":\"Stacey Marvel\"},\"url\":\"https:\\\/\\\/thomashuebl.com\\\/de\\\/author\\\/stacey\\\/\"}]}<\/script>\n<!-- \/ Yoast SEO plugin. -->","yoast_head_json":{"title":"Oprah Daily hat gerade das Buch \u201eKollektives Trauma Heilen\u201c vorgestellt - Thomas Huebl","robots":{"index":"index","follow":"follow","max-snippet":"max-snippet:-1","max-image-preview":"max-image-preview:large","max-video-preview":"max-video-preview:-1"},"canonical":"https:\/\/thomashuebl.com\/de\/oprah-winfreys-blog-empfiehlt-das-buch-kollektives-trauma-heilen\/","og_locale":"de_DE","og_type":"article","og_title":"Oprah Daily hat gerade das Buch \u201eKollektives Trauma Heilen\u201c vorgestellt - Thomas Huebl","og_description":"Der \u201eOprah Daily\u201c Blog hat gerade einen Beitrag ver\u00f6ffentlicht, in dem B\u00fccher zum Thema Trauma vorgestellt werden. Darunter ist auch das Buch\u00a0\u201eHealing Collective Trauma (Kollektives Trauma Heilen)\u201c von Thomas H\u00fcbl. Und neun weitere hochkar\u00e4tige B\u00fccher. Dar\u00fcber freuen wir uns sehr! Tr\u00e4gt es doch dazu bei, das Wissen \u00fcber dieses wichtige Thema zu verbreiten. Denn: Egal [&hellip;]","og_url":"https:\/\/thomashuebl.com\/de\/oprah-winfreys-blog-empfiehlt-das-buch-kollektives-trauma-heilen\/","og_site_name":"Thomas Huebl","article_publisher":"https:\/\/www.facebook.com\/Thomas.Huebl.Sangha\/","article_published_time":"2023-02-14T01:26:15+00:00","article_modified_time":"2023-10-02T11:54:41+00:00","og_image":[{"width":640,"height":380,"url":"https:\/\/thomashuebl.com\/wp-content\/uploads\/2023\/02\/oprah-healing-collective-trauma-book-blog-thomas-huebl-1.jpg","type":"image\/jpeg"}],"author":"Stacey Marvel","twitter_card":"summary_large_image","twitter_creator":"@thomasHuebl","twitter_site":"@thomasHuebl","twitter_misc":{"Verfasst von":"Stacey Marvel","Gesch\u00e4tzte Lesezeit":"2 Minuten"},"schema":{"@context":"https:\/\/schema.org","@graph":[{"@type":"Article","@id":"https:\/\/thomashuebl.com\/de\/oprah-winfreys-blog-empfiehlt-das-buch-kollektives-trauma-heilen\/#article","isPartOf":{"@id":"https:\/\/thomashuebl.com\/de\/oprah-winfreys-blog-empfiehlt-das-buch-kollektives-trauma-heilen\/"},"author":{"name":"Stacey Marvel","@id":"https:\/\/thomashuebl.com\/de\/#\/schema\/person\/0f4a84bba2f628cfada6d182a072720d"},"headline":"Oprah Daily hat gerade das Buch \u201eKollektives Trauma Heilen\u201c vorgestellt","datePublished":"2023-02-14T01:26:15+00:00","dateModified":"2023-10-02T11:54:41+00:00","mainEntityOfPage":{"@id":"https:\/\/thomashuebl.com\/de\/oprah-winfreys-blog-empfiehlt-das-buch-kollektives-trauma-heilen\/"},"wordCount":235,"publisher":{"@id":"https:\/\/thomashuebl.com\/de\/#organization"},"image":{"@id":"https:\/\/thomashuebl.com\/de\/oprah-winfreys-blog-empfiehlt-das-buch-kollektives-trauma-heilen\/#primaryimage"},"thumbnailUrl":"https:\/\/thomashuebl.com\/wp-content\/uploads\/2023\/02\/oprah-healing-collective-trauma-book-blog-thomas-huebl-1.jpg","inLanguage":"de-DE"},{"@type":"WebPage","@id":"https:\/\/thomashuebl.com\/de\/oprah-winfreys-blog-empfiehlt-das-buch-kollektives-trauma-heilen\/","url":"https:\/\/thomashuebl.com\/de\/oprah-winfreys-blog-empfiehlt-das-buch-kollektives-trauma-heilen\/","name":"Oprah Daily hat gerade das Buch \u201eKollektives Trauma Heilen\u201c vorgestellt - Thomas Huebl","isPartOf":{"@id":"https:\/\/thomashuebl.com\/de\/#website"},"primaryImageOfPage":{"@id":"https:\/\/thomashuebl.com\/de\/oprah-winfreys-blog-empfiehlt-das-buch-kollektives-trauma-heilen\/#primaryimage"},"image":{"@id":"https:\/\/thomashuebl.com\/de\/oprah-winfreys-blog-empfiehlt-das-buch-kollektives-trauma-heilen\/#primaryimage"},"thumbnailUrl":"https:\/\/thomashuebl.com\/wp-content\/uploads\/2023\/02\/oprah-healing-collective-trauma-book-blog-thomas-huebl-1.jpg","datePublished":"2023-02-14T01:26:15+00:00","dateModified":"2023-10-02T11:54:41+00:00","breadcrumb":{"@id":"https:\/\/thomashuebl.com\/de\/oprah-winfreys-blog-empfiehlt-das-buch-kollektives-trauma-heilen\/#breadcrumb"},"inLanguage":"de-DE","potentialAction":[{"@type":"ReadAction","target":["https:\/\/thomashuebl.com\/de\/oprah-winfreys-blog-empfiehlt-das-buch-kollektives-trauma-heilen\/"]}]},{"@type":"ImageObject","inLanguage":"de-DE","@id":"https:\/\/thomashuebl.com\/de\/oprah-winfreys-blog-empfiehlt-das-buch-kollektives-trauma-heilen\/#primaryimage","url":"https:\/\/thomashuebl.com\/wp-content\/uploads\/2023\/02\/oprah-healing-collective-trauma-book-blog-thomas-huebl-1.jpg","contentUrl":"https:\/\/thomashuebl.com\/wp-content\/uploads\/2023\/02\/oprah-healing-collective-trauma-book-blog-thomas-huebl-1.jpg","width":640,"height":380},{"@type":"BreadcrumbList","@id":"https:\/\/thomashuebl.com\/de\/oprah-winfreys-blog-empfiehlt-das-buch-kollektives-trauma-heilen\/#breadcrumb","itemListElement":[{"@type":"ListItem","position":1,"name":"Home","item":"https:\/\/thomashuebl.com\/de\/"},{"@type":"ListItem","position":2,"name":"Oprah Daily hat gerade das Buch \u201eKollektives Trauma Heilen\u201c vorgestellt"}]},{"@type":"WebSite","@id":"https:\/\/thomashuebl.com\/de\/#website","url":"https:\/\/thomashuebl.com\/de\/","name":"Thomas Huebl","description":"","publisher":{"@id":"https:\/\/thomashuebl.com\/de\/#organization"},"potentialAction":[{"@type":"SearchAction","target":{"@type":"EntryPoint","urlTemplate":"https:\/\/thomashuebl.com\/de\/?s={search_term_string}"},"query-input":{"@type":"PropertyValueSpecification","valueRequired":true,"valueName":"search_term_string"}}],"inLanguage":"de-DE"},{"@type":"Organization","@id":"https:\/\/thomashuebl.com\/de\/#organization","name":"Thomas Huebl","url":"https:\/\/thomashuebl.com\/de\/","logo":{"@type":"ImageObject","inLanguage":"de-DE","@id":"https:\/\/thomashuebl.com\/de\/#\/schema\/logo\/image\/","url":"https:\/\/thomashuebl.com\/wp-content\/uploads\/2023\/08\/thomashueblpl_03-1.jpg","contentUrl":"https:\/\/thomashuebl.com\/wp-content\/uploads\/2023\/08\/thomashueblpl_03-1.jpg","width":1200,"height":630,"caption":"Thomas Huebl"},"image":{"@id":"https:\/\/thomashuebl.com\/de\/#\/schema\/logo\/image\/"},"sameAs":["https:\/\/www.facebook.com\/Thomas.Huebl.Sangha\/","https:\/\/x.com\/thomasHuebl","https:\/\/www.youtube.com\/user\/thomashuebl","https:\/\/www.instagram.com\/thomashuebl\/"]},{"@type":"Person","@id":"https:\/\/thomashuebl.com\/de\/#\/schema\/person\/0f4a84bba2f628cfada6d182a072720d","name":"Stacey Marvel","image":{"@type":"ImageObject","inLanguage":"de-DE","@id":"https:\/\/secure.gravatar.com\/avatar\/fec4cfa4c8e0857a285f58e4e9b2b907bc38900434bb5a29eda90d57dab8ee65?s=96&d=mm&r=g","url":"https:\/\/secure.gravatar.com\/avatar\/fec4cfa4c8e0857a285f58e4e9b2b907bc38900434bb5a29eda90d57dab8ee65?s=96&d=mm&r=g","contentUrl":"https:\/\/secure.gravatar.com\/avatar\/fec4cfa4c8e0857a285f58e4e9b2b907bc38900434bb5a29eda90d57dab8ee65?s=96&d=mm&r=g","caption":"Stacey Marvel"},"url":"https:\/\/thomashuebl.com\/de\/author\/stacey\/"}]}},"_links":{"self":[{"href":"https:\/\/thomashuebl.com\/de\/wp-json\/wp\/v2\/posts\/1935","targetHints":{"allow":["GET"]}}],"collection":[{"href":"https:\/\/thomashuebl.com\/de\/wp-json\/wp\/v2\/posts"}],"about":[{"href":"https:\/\/thomashuebl.com\/de\/wp-json\/wp\/v2\/types\/post"}],"author":[{"embeddable":true,"href":"https:\/\/thomashuebl.com\/de\/wp-json\/wp\/v2\/users\/4"}],"replies":[{"embeddable":true,"href":"https:\/\/thomashuebl.com\/de\/wp-json\/wp\/v2\/comments?post=1935"}],"version-history":[{"count":0,"href":"https:\/\/thomashuebl.com\/de\/wp-json\/wp\/v2\/posts\/1935\/revisions"}],"wp:featuredmedia":[{"embeddable":true,"href":"https:\/\/thomashuebl.com\/de\/wp-json\/wp\/v2\/media\/2662"}],"wp:attachment":[{"href":"https:\/\/thomashuebl.com\/de\/wp-json\/wp\/v2\/media?parent=1935"}],"wp:term":[{"taxonomy":"category","embeddable":true,"href":"https:\/\/thomashuebl.com\/de\/wp-json\/wp\/v2\/categories?post=1935"},{"taxonomy":"post_tag","embeddable":true,"href":"https:\/\/thomashuebl.com\/de\/wp-json\/wp\/v2\/tags?post=1935"}],"curies":[{"name":"wp","href":"https:\/\/api.w.org\/{rel}","templated":true}]}}